{"id":646,"date":"2026-01-28T09:01:07","date_gmt":"2026-01-28T09:01:07","guid":{"rendered":"https:\/\/foretagsbostadsbolagen.se\/?p=646"},"modified":"2026-01-28T09:02:50","modified_gmt":"2026-01-28T09:02:50","slug":"manniskorna-bakom-foretagsbostaderna-mathila-foretagsbostader","status":"publish","type":"post","link":"https:\/\/foretagsbostadsbolagen.se\/?p=646","title":{"rendered":"M\u00e4nniskorna bakom f\u00f6retagsbost\u00e4derna &#8211; Mathilda F\u00f6retagsbost\u00e4der Sverige"},"content":{"rendered":"<p>Bakom varje f\u00f6retagsbostad finns m\u00e4nniskor som varje dag arbetar f\u00f6r att skapa trygghet, flexibilitet och en bra start i en ny stad. I v\u00e5r intervjuserie vill vi lyfta fram personerna bakom verksamheten \u2013 deras engagemang, erfarenheter och ber\u00e4ttelser om hur f\u00f6retagsbost\u00e4der g\u00f6r verklig skillnad f\u00f6r m\u00e4nniskor och samh\u00e4lle. I denna intervju m\u00f6ter vi Mathilda, Inhouse Sales Agent p\u00e5 F\u00f6retagsbost\u00e4der, som delar med sig av sin vardag i branschen, vad som driver henne och varf\u00f6r arbetet med f\u00f6retagsbost\u00e4der \u00e4r s\u00e5 mycket mer \u00e4n bara bost\u00e4der.<\/p>\n<p><strong>\u00a0<\/strong><strong>Hur l\u00e4nge har du arbetat inom branschen?<\/strong><\/p>\n<p>Jag b\u00f6rjade p\u00e5 F\u00f6retagsbost\u00e4der h\u00f6sten 2021.<\/p>\n<p><strong>Vad \u00e4r det b\u00e4sta med ditt arbete inom f\u00f6retagsbost\u00e4der?<\/strong><\/p>\n<p>Det b\u00e4sta med mitt arbete inom f\u00f6retagsbost\u00e4der \u00e4r att jag f\u00e5r hj\u00e4lpa m\u00e4nniskor att landa tryggt i en ny stad. Det handlar om personer som flyttar f\u00f6r jobb och har mycket annat att t\u00e4nka p\u00e5, och d\u00e5 k\u00e4nns det meningsfullt att kunna erbjuda ett boende som \u00e4r b\u00e5de bekv\u00e4mt, tryggt, flexibelt och hemtrevligt.<br \/>\nJag tycker ocks\u00e5 om variationen i jobbet, varje kund har olika behov och det \u00e4r roligt att hitta l\u00f6sningar som verkligen passar just dem. Ett stort plus med arbetet \u00e4r verkligen kollegorna, vi \u00e4r ett helt fantastiskt team!<\/p>\n<p><strong><br \/>\nFinns det n\u00e5gon situation eller h\u00e4ndelse som du minns s\u00e4rskilt, d\u00e4r du verkligen k\u00e4nde att \u201cdet h\u00e4r g\u00f6r skillnad\u201d?<\/strong><br \/>\nJag minns s\u00e4rskilt en kund som hade bokat en l\u00e4genhet p\u00e5 en privata marknaden, men n\u00e4r de kom fram visade det sig vara bedr\u00e4geri, n\u00e5gon annan bodde redan d\u00e4r och l\u00e4genheten var inte till uthyrning. Vi kunde snabbt l\u00f6sa det med en av v\u00e5ra l\u00e4genheter, och kunden kunde flytta in samma dag. Just d\u00e5 k\u00e4nde jag verkligen att v\u00e5rt arbete g\u00f6r skillnad, det handlar om trygghet och att finnas d\u00e4r n\u00e4r det verkligen beh\u00f6vs.<\/p>\n<p><strong>Hur skulle du beskriva den service ni ger \u2013 j\u00e4mf\u00f6rt med hur f\u00f6retagsbost\u00e4der ofta uppfattas i debatten?<\/strong><\/p>\n<p>I debatten om bost\u00e4der upplever jag att f\u00f6retagsbost\u00e4der framst\u00e4lls som n\u00e5got som enbart handlar om vinst. I verkligheten ser det helt annorlunda ut, den service vi erbjuder handlar i grunden om att m\u00f6jligg\u00f6ra r\u00f6rlighet p\u00e5 arbetsmarknaden och att hj\u00e4lpa f\u00f6retag att v\u00e4xa.<\/p>\n<p>Genom att erbjuda trygga, m\u00f6blerade bost\u00e4der med flexibel hyrestid kan f\u00f6retag snabbt ta emot kompetens fr\u00e5n andra st\u00e4der eller l\u00e4nder, utan att medarbetarna fastnar i en anstr\u00e4ngd bostadsmarknad. F\u00f6r v\u00e5ra kunder \u00e4r boendet vi erbjuder en tillf\u00e4llig och praktisk l\u00f6sning, det \u00e4r inte ett alternativ till permanentboende, v\u00e5r roll \u00e4r d\u00e4rf\u00f6r inte att konkurrera med den vanliga hyresmarknaden, utan att komplettera den. Det skapar fler f\u00f6retagsetableringar, tillv\u00e4xt och fler arbetstillf\u00e4llen i Sverige.<\/p>\n<p><strong>P\u00e5 vilket s\u00e4tt m\u00f6ter ni m\u00e4nniskor med tillf\u00e4lliga men viktiga behov (arbete, flytt, projekt, v\u00e4lf\u00e4rdsuppdrag)?<br \/>\n<\/strong><br \/>\nFramf\u00f6r allt n\u00e4r vi hj\u00e4lper\u00a0l\u00e4kare, sjuksk\u00f6terskor och annan sjukv\u00e5rdspersonal som flyttar f\u00f6r arbete eller projekt p\u00e5 annan ort,\u00a0vi ser till att de f\u00e5r ett boende direkt s\u00e5 att de kan fokusera p\u00e5 sitt viktiga uppdrag. Att veta att vi p\u00e5 det s\u00e4ttet kan bidra till att sjukv\u00e5rden fungerar och m\u00e4nniskor f\u00e5r den v\u00e5rd de beh\u00f6ver, det g\u00f6r jobbet v\u00e4ldigt givande.<\/p>\n<p>Vad tror du skulle h\u00e4nda om f\u00f6retagsbost\u00e4der inte fanns?<\/p>\n<p>Om f\u00f6retagsbost\u00e4der inte fanns skulle det bli betydligt sv\u00e5rare f\u00f6r f\u00f6retag att snabbt f\u00e5 r\u00e4tt kompetens p\u00e5 plats. M\u00e5nga uppdrag kr\u00e4ver att m\u00e4nniskor kan flytta med kort varsel, n\u00e5got som den ordinarie bostadsmarknaden ofta har sv\u00e5rt att m\u00f6ta.<\/p>\n<p>Utan\u00a0flexibla\u00a0boendel\u00f6sningar riskerar vi ocks\u00e5 att\u00a0Sverige\u00a0tappar\u00a0internationell konkurrenskraft. F\u00f6retag som vill attrahera anst\u00e4llda fr\u00e5n andra l\u00e4nder eller etablera sig i Sverige f\u00e5r sv\u00e5rare att erbjuda attraktiva villkor, och vi f\u00e5r sv\u00e5rt att m\u00e4ta oss med l\u00e4nder d\u00e4r tillg\u00e5ngen p\u00e5 f\u00f6retagsbost\u00e4der \u00e4r sj\u00e4lvklar, vi fyller d\u00e4rf\u00f6r en viktig funktion som ett komplement till den vanliga bostadsmarknaden. De skapar flexibilitet, minskar friktion vid flytt och g\u00f6r det m\u00f6jligt f\u00f6r f\u00f6retag att v\u00e4xa.<\/p>\n<p><strong>Vad hoppas du att \u00e5ret 2026 ska f\u00f6ra med sig?<\/strong><br \/>\nJag hoppas framf\u00f6r allt p\u00e5 att se en fortsatt utveckling i r\u00e4tt riktning f\u00f6r f\u00f6retags bostadsmarknaden. Det k\u00e4nns sp\u00e4nnande att f\u00f6lja hur branschen f\u00f6r\u00e4ndras och hur vi kan forts\u00e4tta skapa l\u00f6sningar som g\u00f6r det enklare f\u00f6r f\u00f6retag och m\u00e4nniskor att flytta och verka p\u00e5 nya platser.<\/p>\n<p>Personligen \u00e4r jag ocks\u00e5 v\u00e4ldigt sp\u00e4nd p\u00e5 utvecklingen av v\u00e5rt nya projekt,\u00a0\u00a0Entrepren\u00f6rsboende, och ser fram emot att se hur det kommer bidra till b\u00e5de kunderna och v\u00e5r verksamhet under \u00e5ret.<\/p>\n<p>&nbsp;<\/p>\n<p><strong>Mathilda<\/strong><\/p>\n<p>Inhouse Sales Agent<\/p>\n<p>F\u00f6retagsbost\u00e4der<\/p>\n","protected":false},"excerpt":{"rendered":"<p>Bakom varje f\u00f6retagsbostad finns m\u00e4nniskor som varje dag arbetar f\u00f6r att skapa trygghet, flexibilitet och en bra start i en [&hellip;]<\/p>\n","protected":false},"author":2,"featured_media":647,"comment_status":"open","ping_status":"open","sticky":false,"template":"","format":"standard","meta":{"_monsterinsights_skip_tracking":false,"_monsterinsights_sitenote_active":false,"_monsterinsights_sitenote_note":"","_monsterinsights_sitenote_category":0,"footnotes":""},"categories":[3],"tags":[],"class_list":["post-646","post","type-post","status-publish","format-standard","has-post-thumbnail","hentry","category-nyhet"],"_links":{"self":[{"href":"https:\/\/foretagsbostadsbolagen.se\/index.php?rest_route=\/wp\/v2\/posts\/646","targetHints":{"allow":["GET"]}}],"collection":[{"href":"https:\/\/foretagsbostadsbolagen.se\/index.php?rest_route=\/wp\/v2\/posts"}],"about":[{"href":"https:\/\/foretagsbostadsbolagen.se\/index.php?rest_route=\/wp\/v2\/types\/post"}],"author":[{"embeddable":true,"href":"https:\/\/foretagsbostadsbolagen.se\/index.php?rest_route=\/wp\/v2\/users\/2"}],"replies":[{"embeddable":true,"href":"https:\/\/foretagsbostadsbolagen.se\/index.php?rest_route=%2Fwp%2Fv2%2Fcomments&post=646"}],"version-history":[{"count":3,"href":"https:\/\/foretagsbostadsbolagen.se\/index.php?rest_route=\/wp\/v2\/posts\/646\/revisions"}],"predecessor-version":[{"id":650,"href":"https:\/\/foretagsbostadsbolagen.se\/index.php?rest_route=\/wp\/v2\/posts\/646\/revisions\/650"}],"wp:featuredmedia":[{"embeddable":true,"href":"https:\/\/foretagsbostadsbolagen.se\/index.php?rest_route=\/wp\/v2\/media\/647"}],"wp:attachment":[{"href":"https:\/\/foretagsbostadsbolagen.se\/index.php?rest_route=%2Fwp%2Fv2%2Fmedia&parent=646"}],"wp:term":[{"taxonomy":"category","embeddable":true,"href":"https:\/\/foretagsbostadsbolagen.se\/index.php?rest_route=%2Fwp%2Fv2%2Fcategories&post=646"},{"taxonomy":"post_tag","embeddable":true,"href":"https:\/\/foretagsbostadsbolagen.se\/index.php?rest_route=%2Fwp%2Fv2%2Ftags&post=646"}],"curies":[{"name":"wp","href":"https:\/\/api.w.org\/{rel}","templated":true}]}}