{"id":639,"date":"2026-01-12T07:46:45","date_gmt":"2026-01-12T07:46:45","guid":{"rendered":"https:\/\/foretagsbostadsbolagen.se\/?p=639"},"modified":"2026-01-12T07:46:45","modified_gmt":"2026-01-12T07:46:45","slug":"lissabon-lyfter-restriktioner-for-korttidsuthyrning-vad-kan-sverige-lara-av-detta","status":"publish","type":"post","link":"https:\/\/foretagsbostadsbolagen.se\/?p=639","title":{"rendered":"Lissabon lyfter restriktioner f\u00f6r korttidsuthyrning \u2013 vad kan Sverige l\u00e4ra av detta?"},"content":{"rendered":"<p data-start=\"393\" data-end=\"971\">Staden Lissabon har tagit ett betydande steg i sin bostads- och turistpolitik: efter \u00e5r med strikta begr\u00e4nsningar f\u00f6r korttidsuthyrning (short-term rentals) har kommunen nu upph\u00e4vt f\u00f6rbudet och \u00f6ppnat upp f\u00f6r att nya licenser \u00e5terigen kan utf\u00e4rdas f\u00f6r korttidsuthyrning av bost\u00e4der. Beslutet \u00e4r ett svar p\u00e5 erfarenheter som visar att de tidigare reglerna inte uppn\u00e5dde sitt m\u00e5l att f\u00f6rb\u00e4ttra tillg\u00e5ngen p\u00e5 bost\u00e4der eller g\u00f6ra staden mer prisv\u00e4rd f\u00f6r boende \u2013 snarare bidrog de till att begr\u00e4nsa utbudet utan att bromsa prisutvecklingen.<\/p>\n<h3 data-start=\"973\" data-end=\"998\">Vad har f\u00f6r\u00e4ndrats?<\/h3>\n<p data-start=\"1000\" data-end=\"1361\">Under de senaste \u00e5ren hade Lissabon inf\u00f6rt restriktioner som i praktiken stoppade utf\u00e4rdandet av nya korttidsuthyrningslicenser i stora delar av staden. Detta liknade \u00e5tg\u00e4rder som setts i andra europeiska st\u00e4der d\u00e4r man f\u00f6rs\u00f6kt bromsa turist- och bes\u00f6ksboenden f\u00f6r att skydda den ordinarie bostadsmarknaden. Men erfarenheterna har visat att dessa begr\u00e4nsningar:<\/p>\n<ul data-start=\"1363\" data-end=\"1631\">\n<li data-start=\"1363\" data-end=\"1436\">\n<p data-start=\"1365\" data-end=\"1436\">Inte lett till l\u00e4gre bostadspriser eller b\u00e4ttre prisv\u00e4rdhet f\u00f6r boende;<\/p>\n<\/li>\n<li data-start=\"1437\" data-end=\"1506\">\n<p data-start=\"1439\" data-end=\"1506\">Bidragit till snabbare hyres- och \u00e4garpris\u00f6kningar \u00e4n tidigare;<\/p>\n<\/li>\n<li data-start=\"1507\" data-end=\"1631\">\n<p data-start=\"1509\" data-end=\"1631\">Pressat hotellpriser upp\u00e5t och minskat tillg\u00e4ngliga boendealternativ f\u00f6r bes\u00f6kare.<\/p>\n<\/li>\n<\/ul>\n<p data-start=\"1633\" data-end=\"1987\">Mot denna bakgrund har Lissabon nu \u00e5terinf\u00f6rt m\u00f6jligheten att utf\u00e4rda nya licenser, och korttidsuthyrningar kan i viss utstr\u00e4ckning utg\u00f6ra upp till omkring 10 % av det totala bostadsutbudet i staden \u2013 ett steg som lyfter restriktionerna men samtidigt ger utrymme f\u00f6r fortsatt erbjuda flexibilitet i boendeformer.<\/p>\n<h3 data-start=\"1989\" data-end=\"2013\">L\u00e4rdomar f\u00f6r Sverige<\/h3>\n<p data-start=\"2015\" data-end=\"2188\">F\u00f6r Sverige \u00e4r detta utvecklingsdrag i Lissabon intressant av flera sk\u00e4l, s\u00e4rskilt i debatten om f\u00f6retagsbost\u00e4der, flexibla boendel\u00f6sningar och hyresmarknadens struktur:<\/p>\n<p data-start=\"2190\" data-end=\"2495\"><strong data-start=\"2190\" data-end=\"2250\">1. Restriktioner l\u00f6ser \u00f6kar inte tillg\u00e5ngen till bost\u00e4der<\/strong><br data-start=\"2250\" data-end=\"2253\" \/>Lissabons erfarenhet tyder p\u00e5 att h\u00e5rda f\u00f6rbud inte per automatik leder till mer tillg\u00e4ngliga bost\u00e4der f\u00f6r l\u00e5ngsiktigt boende \u2013 ett perspektiv som \u00e4r viktigt att ta med i svenska debatter om exempelvis korttidsmarknadens roll i st\u00f6rre st\u00e4der.<\/p>\n<p data-start=\"2497\" data-end=\"2831\"><strong data-start=\"2497\" data-end=\"2545\">2. Flexibilitet kan vara en del av l\u00f6sningen<\/strong><br data-start=\"2545\" data-end=\"2548\" \/>Att \u00f6ppna upp f\u00f6r fler boendeformer \u2014 snarare \u00e4n att st\u00e4nga ner alternativ \u2014 kan bidra till att utnyttja befintligt best\u00e5nd mer effektivt. F\u00f6r f\u00f6retagsbost\u00e4der, bost\u00e4der f\u00f6r tillf\u00e4lliga uppdrag, projektanst\u00e4llningar eller internationella talanger \u00e4r flexibilitet en absolut nyckel.<\/p>\n<p data-start=\"2833\" data-end=\"3199\"><strong data-start=\"2833\" data-end=\"2886\">3. Reglering beh\u00f6ver vara balanserad och m\u00e5lstyrd<\/strong><br data-start=\"2886\" data-end=\"2889\" \/>Erfarenheter fr\u00e5n Lissabon visar vikten av att utforma regler som verkligen adresserar tillg\u00e5ng och efterfr\u00e5gan \u2014 och att vara beredd att justera om resultatet inte motsvarar m\u00e5len. Det \u00e4r en l\u00e4rdom som \u00e4ven svenska beslutsfattare b\u00f6r ta till sig n\u00e4r man diskuterar reformer.<\/p>\n<hr data-start=\"3201\" data-end=\"3204\" \/>\n<h3 data-start=\"3206\" data-end=\"3218\">Slutsats<\/h3>\n<p data-start=\"3220\" data-end=\"3640\">Lissabons beslut att lyfta restriktionerna f\u00f6r korttidsuthyrning ger oss en tydlig p\u00e5minnelse: Boendepolitik m\u00e5ste utg\u00e5 fr\u00e5n vad som faktiskt fungerar i praktiken. Det inneb\u00e4r att tillg\u00e5ng till flexibla boendel\u00f6sningar, oavsett om det \u00e4r korttidsuthyrning eller f\u00f6retagsbost\u00e4der, m\u00e5ste hanteras med ett helhetsperspektiv som fr\u00e4mjar b\u00e5de tillv\u00e4xt och tillg\u00e4nglighet \u2013 snarare \u00e4n att i f\u00f6rsta hand begr\u00e4nsa utbudet. Sverige st\u00e5r inf\u00f6r sina egna utmaningar i bostadsmarknaden. Erfarenheter fr\u00e5n andra europeiska st\u00e4der bidrar med v\u00e4rdefulla insikter om hur policyf\u00f6r\u00e4ndringar kan ge b\u00e4ttre utrymme f\u00f6r boendeformer som st\u00e4rker b\u00e5de arbetsmarknadens r\u00f6rlighet och m\u00e4nniskors m\u00f6jligheter att hitta tak \u00f6ver huvudet.<\/p>\n<p data-start=\"3220\" data-end=\"3640\">L\u00e4s mer h\u00e4r:<\/p>\n<blockquote class=\"wp-embedded-content\" data-secret=\"ZUGpJjnOgg\"><p><a href=\"https:\/\/shorttermrentalz.com\/news\/lisbon-lifts-short-term-rental\/\">Lisbon lifts short-term rental restrictions<\/a><\/p><\/blockquote>\n<p><iframe class=\"wp-embedded-content\" sandbox=\"allow-scripts\" security=\"restricted\" style=\"position: absolute; visibility: hidden;\" title=\"&#8220;Lisbon lifts short-term rental restrictions&#8221; &#8212; Short Term Rentals\" src=\"https:\/\/shorttermrentalz.com\/news\/lisbon-lifts-short-term-rental\/embed\/#?secret=wmaCRRsNhu#?secret=ZUGpJjnOgg\" data-secret=\"ZUGpJjnOgg\" width=\"600\" height=\"338\" frameborder=\"0\" marginwidth=\"0\" marginheight=\"0\" scrolling=\"no\"><\/iframe><\/p>\n","protected":false},"excerpt":{"rendered":"<p>Staden Lissabon har tagit ett betydande steg i sin bostads- och turistpolitik: efter \u00e5r med strikta begr\u00e4nsningar f\u00f6r korttidsuthyrning (short-term [&hellip;]<\/p>\n","protected":false},"author":2,"featured_media":640,"comment_status":"open","ping_status":"open","sticky":false,"template":"","format":"standard","meta":{"_monsterinsights_skip_tracking":false,"_monsterinsights_sitenote_active":false,"_monsterinsights_sitenote_note":"","_monsterinsights_sitenote_category":0,"footnotes":""},"categories":[3],"tags":[],"class_list":["post-639","post","type-post","status-publish","format-standard","has-post-thumbnail","hentry","category-nyhet"],"_links":{"self":[{"href":"https:\/\/foretagsbostadsbolagen.se\/index.php?rest_route=\/wp\/v2\/posts\/639","targetHints":{"allow":["GET"]}}],"collection":[{"href":"https:\/\/foretagsbostadsbolagen.se\/index.php?rest_route=\/wp\/v2\/posts"}],"about":[{"href":"https:\/\/foretagsbostadsbolagen.se\/index.php?rest_route=\/wp\/v2\/types\/post"}],"author":[{"embeddable":true,"href":"https:\/\/foretagsbostadsbolagen.se\/index.php?rest_route=\/wp\/v2\/users\/2"}],"replies":[{"embeddable":true,"href":"https:\/\/foretagsbostadsbolagen.se\/index.php?rest_route=%2Fwp%2Fv2%2Fcomments&post=639"}],"version-history":[{"count":1,"href":"https:\/\/foretagsbostadsbolagen.se\/index.php?rest_route=\/wp\/v2\/posts\/639\/revisions"}],"predecessor-version":[{"id":641,"href":"https:\/\/foretagsbostadsbolagen.se\/index.php?rest_route=\/wp\/v2\/posts\/639\/revisions\/641"}],"wp:featuredmedia":[{"embeddable":true,"href":"https:\/\/foretagsbostadsbolagen.se\/index.php?rest_route=\/wp\/v2\/media\/640"}],"wp:attachment":[{"href":"https:\/\/foretagsbostadsbolagen.se\/index.php?rest_route=%2Fwp%2Fv2%2Fmedia&parent=639"}],"wp:term":[{"taxonomy":"category","embeddable":true,"href":"https:\/\/foretagsbostadsbolagen.se\/index.php?rest_route=%2Fwp%2Fv2%2Fcategories&post=639"},{"taxonomy":"post_tag","embeddable":true,"href":"https:\/\/foretagsbostadsbolagen.se\/index.php?rest_route=%2Fwp%2Fv2%2Ftags&post=639"}],"curies":[{"name":"wp","href":"https:\/\/api.w.org\/{rel}","templated":true}]}}