{"id":631,"date":"2025-12-10T13:44:05","date_gmt":"2025-12-10T13:44:05","guid":{"rendered":"https:\/\/foretagsbostadsbolagen.se\/?p=631"},"modified":"2025-12-10T13:44:05","modified_gmt":"2025-12-10T13:44:05","slug":"fbb-deltog-i-paneldiskussion-hos-forenom-en-bransch-i-snabb-utveckling-och-med-vaxande-betydelse","status":"publish","type":"post","link":"https:\/\/foretagsbostadsbolagen.se\/?p=631","title":{"rendered":"FBB deltog i paneldiskussion hos Forenom: En bransch i snabb utveckling och med v\u00e4xande betydelse"},"content":{"rendered":"<p data-start=\"388\" data-end=\"667\">F\u00f6retagsbostadsbolagen (FBB) medverkade idag i en paneldiskussion hos v\u00e5r medlem Forenom, d\u00e4r relocation-akt\u00f6rer, f\u00f6retagskunder och Forenoms personal samlades f\u00f6r en f\u00f6rdjupad genomg\u00e5ng av branschens utveckling och den omfattande f\u00f6r\u00e4ndringsresa som skett de senaste tre \u00e5ren. Syftet var att ge en tydlig bild av det strukturerade arbete som FBB bedrivit \u2013 nationellt och internationellt \u2013 och att visa hur f\u00f6retagsbost\u00e4der utvecklats fr\u00e5n en ok\u00e4nd och delvis ifr\u00e5gasatt f\u00f6reteelse till en erk\u00e4nd och n\u00f6dv\u00e4ndig del av Sveriges kompetensf\u00f6rs\u00f6rjning.<\/p>\n<hr data-start=\"942\" data-end=\"945\" \/>\n<h2 data-start=\"947\" data-end=\"1009\"><strong data-start=\"950\" data-end=\"1009\">FBB:s bakgrund och varf\u00f6r branschen beh\u00f6vde organiseras<\/strong><\/h2>\n<p data-start=\"1011\" data-end=\"1300\">Under diskussionen beskrev FBB:s talesperson Niclas Bl\u00e5klinth hur organisationen bildades utifr\u00e5n ett tydligt behov: branschen v\u00e4xte snabbt, men regelverk, myndigheter och politiken saknade kunskap om vad f\u00f6retagsbost\u00e4der \u00e4r och vilken roll de spelar i svensk arbetsmarknad och n\u00e4ringsliv. Etableringen av FBB skapade f\u00f6r f\u00f6rsta g\u00e5ngen en samlad r\u00f6st f\u00f6r sektorn och lade grunden f\u00f6r ett mer strukturerat arbete gentemot politiken, kommunerna och myndigheterna.<\/p>\n<hr data-start=\"1475\" data-end=\"1478\" \/>\n<h2 data-start=\"1480\" data-end=\"1531\"><strong data-start=\"1483\" data-end=\"1531\">En dramatisk f\u00f6r\u00e4ndring i synen p\u00e5 branschen<\/strong><\/h2>\n<p data-start=\"1533\" data-end=\"1830\">En viktig punkt i panelen var hur branschens anseende f\u00f6r\u00e4ndrats sedan FBB:s start. F\u00f6r tre \u00e5r sedan ans\u00e5gs f\u00f6retagsbost\u00e4der vara n\u00e5got ok\u00e4nt speciellt sett till den nytta det g\u00f6r. Idag beskriver regeringen och flera politiska f\u00f6retr\u00e4dare f\u00f6retagsbost\u00e4der som en kritisk infrastruktur f\u00f6r:<\/p>\n<ul data-start=\"1832\" data-end=\"1942\">\n<li data-start=\"1832\" data-end=\"1856\">\n<p data-start=\"1834\" data-end=\"1856\">industrietableringar<\/p>\n<\/li>\n<li data-start=\"1857\" data-end=\"1875\">\n<p data-start=\"1859\" data-end=\"1875\">v\u00e5rd och skola<\/p>\n<\/li>\n<li data-start=\"1876\" data-end=\"1903\">\n<p data-start=\"1878\" data-end=\"1903\">den gr\u00f6na omst\u00e4llningen<\/p>\n<\/li>\n<li data-start=\"1904\" data-end=\"1942\">\n<p data-start=\"1906\" data-end=\"1942\">kompetensf\u00f6rs\u00f6rjning i hela landet<\/p>\n<\/li>\n<\/ul>\n<p data-start=\"1944\" data-end=\"2090\">Detta skifte \u00e4r resultatet av ett systematiskt arbete med kunskapsspridning, m\u00f6ten med politiken och aktiv dialog med myndigheter p\u00e5 flera niv\u00e5er.<\/p>\n<hr data-start=\"2092\" data-end=\"2095\" \/>\n<h2 data-start=\"2097\" data-end=\"2150\"><strong data-start=\"2100\" data-end=\"2150\">Vilka mots\u00e4tter sig utvecklingen \u2013 och varf\u00f6r?<\/strong><\/h2>\n<p data-start=\"2152\" data-end=\"2388\">Panelen ber\u00f6rde \u00e4ven de r\u00f6ster som ifr\u00e5gas\u00e4tter branschen. Kritik kommer fr\u00e4mst fr\u00e5n ideella grupper och enstaka f\u00f6retag som befarar att f\u00f6retagsbost\u00e4der konkurrerar med traditionella hyresr\u00e4tter, utmanar gamla strukturer eller d\u00e4r de har ett starkt egenintresse att beh\u00e5lla nuvarande ordning. I verkligheten fyller f\u00f6retagsbost\u00e4der helt andra behov: tillf\u00e4lliga boenden f\u00f6r arbetskraft i r\u00f6relse, projektanst\u00e4llda, internationella rekryteringar och offentliga verksamheter med akuta bemanningsbehov. Motst\u00e5ndet handlar d\u00e4rf\u00f6r ofta mer om ideologi och etablerade positioner \u00e4n om faktiska problem i marknaden.<\/p>\n<hr data-start=\"2708\" data-end=\"2711\" \/>\n<h2 data-start=\"2713\" data-end=\"2785\"><strong data-start=\"2716\" data-end=\"2785\">FBB:s arbete i praktiken \u2013 lokalt, nationellt och internationellt<\/strong><\/h2>\n<p data-start=\"2787\" data-end=\"2867\">Under samtalet redogjordes f\u00f6r det omfattande arbete FBB genomf\u00f6rt, bland annat:<\/p>\n<ul data-start=\"2869\" data-end=\"3206\">\n<li data-start=\"2869\" data-end=\"2938\">\n<p data-start=\"2871\" data-end=\"2938\">kontinuerliga m\u00f6ten med riksdagens bostadspolitiska talespersoner<\/p>\n<\/li>\n<li data-start=\"2939\" data-end=\"2989\">\n<p data-start=\"2941\" data-end=\"2989\">dialoger med flera departement och myndigheter<\/p>\n<\/li>\n<li data-start=\"2990\" data-end=\"3016\">\n<p data-start=\"2992\" data-end=\"3016\">deltagande i Almedalen<\/p>\n<\/li>\n<li data-start=\"3017\" data-end=\"3090\">\n<p data-start=\"3019\" data-end=\"3090\">internationella kontakter, senast vid en europeisk konferens i London<\/p>\n<\/li>\n<li data-start=\"3091\" data-end=\"3155\">\n<p data-start=\"3093\" data-end=\"3155\">l\u00f6pande st\u00f6d till medlemmar i juridiska och operativa fr\u00e5gor<\/p>\n<\/li>\n<li data-start=\"3156\" data-end=\"3206\">\n<p data-start=\"3158\" data-end=\"3206\">remissvar och strukturerade juridiska analyser<\/p>\n<\/li>\n<\/ul>\n<p data-start=\"3208\" data-end=\"3307\">Detta arbete har etablerat f\u00f6retagsbost\u00e4der som ett eget, definierbart och samh\u00e4llsb\u00e4rande segment.<\/p>\n<hr data-start=\"3309\" data-end=\"3312\" \/>\n<h2 data-start=\"3314\" data-end=\"3381\"><strong data-start=\"3317\" data-end=\"3381\">Konkreta resultat: En bransch som nu p\u00e5verkar lagstiftningen<\/strong><\/h2>\n<p data-start=\"3383\" data-end=\"3558\">Panelen lyfte s\u00e4rskilt en av FBB:s st\u00f6rsta framg\u00e5ngar: arbetet har redan lett till att regeringen initierat f\u00f6r\u00e4ndringar i lagstiftningen, bland annat i hyreslagstiftningen. Det inneb\u00e4r att f\u00f6retagsbost\u00e4der och andra kategoriboenden f\u00f6rhoppningsvis f\u00e5r r\u00e4ttsliga f\u00f6ruts\u00e4ttningar som kr\u00e4vs f\u00f6r att utvecklas p\u00e5 ett strukturerat och l\u00e5ngsiktigt s\u00e4tt. Det \u00e4r mycket ovanligt att en bransch f\u00e5r denna typ av politisk uppm\u00e4rksamhet p\u00e5 s\u00e5 kort tid.<\/p>\n<hr data-start=\"3829\" data-end=\"3832\" \/>\n<h2 data-start=\"3834\" data-end=\"3881\"><strong data-start=\"3837\" data-end=\"3881\">Sverige i ett internationellt perspektiv<\/strong><\/h2>\n<p data-start=\"3883\" data-end=\"4051\">Diskussionen tog ocks\u00e5 upp hur Sverige st\u00e5r sig. I m\u00e5nga europeiska l\u00e4nder \u00e4r serviced living, serviced apartments och coliving etablerade och reglerade boendeformer. Sverige ligger efter, men f\u00f6rdelen \u00e4r att vi nu kan dra nytta av internationella erfarenheter. FBB har redan etablerat kontakter med europeiska akt\u00f6rer och globala organisationer inom serviced\/corporate housing, vilket st\u00e4rker branschens utveckling fram\u00e5t.<\/p>\n<hr data-start=\"4302\" data-end=\"4305\" \/>\n<h2 data-start=\"4307\" data-end=\"4356\"><strong data-start=\"4310\" data-end=\"4356\">En framtidsbransch \u2013 2026 och 2027 i fokus<\/strong><\/h2>\n<p data-start=\"4358\" data-end=\"4441\">Avslutningsvis belystes framtiden. FBB bed\u00f6mer att branschen g\u00e5r in i en period av:<\/p>\n<ul data-start=\"4443\" data-end=\"4644\">\n<li data-start=\"4443\" data-end=\"4486\">\n<p data-start=\"4445\" data-end=\"4486\">tydligare och mer \u00e4ndam\u00e5lsenliga regler<\/p>\n<\/li>\n<li data-start=\"4487\" data-end=\"4515\">\n<p data-start=\"4489\" data-end=\"4515\">\u00f6kad professionalisering<\/p>\n<\/li>\n<li data-start=\"4516\" data-end=\"4577\">\n<p data-start=\"4518\" data-end=\"4577\">v\u00e4xande efterfr\u00e5gan fr\u00e5n b\u00e5de privat och offentlig sektor<\/p>\n<\/li>\n<li data-start=\"4578\" data-end=\"4644\">\n<p data-start=\"4580\" data-end=\"4644\">fler investeringar och b\u00e4ttre f\u00f6ruts\u00e4ttningar f\u00f6r etableringar<\/p>\n<\/li>\n<\/ul>\n<p data-start=\"4646\" data-end=\"4837\">F\u00f6retagsbost\u00e4der \u00e4r inte l\u00e4ngre en nisch. Det \u00e4r en central komponent i Sveriges f\u00f6rm\u00e5ga att attrahera arbetskraft, bygga industri, avlasta bostadsk\u00f6er och m\u00f6jligg\u00f6ra den gr\u00f6na omst\u00e4llningen.<\/p>\n","protected":false},"excerpt":{"rendered":"<p>F\u00f6retagsbostadsbolagen (FBB) medverkade idag i en paneldiskussion hos v\u00e5r medlem Forenom, d\u00e4r relocation-akt\u00f6rer, f\u00f6retagskunder och Forenoms personal samlades f\u00f6r en [&hellip;]<\/p>\n","protected":false},"author":2,"featured_media":632,"comment_status":"open","ping_status":"open","sticky":false,"template":"","format":"standard","meta":{"_monsterinsights_skip_tracking":false,"_monsterinsights_sitenote_active":false,"_monsterinsights_sitenote_note":"","_monsterinsights_sitenote_category":0,"footnotes":""},"categories":[3],"tags":[],"class_list":["post-631","post","type-post","status-publish","format-standard","has-post-thumbnail","hentry","category-nyhet"],"_links":{"self":[{"href":"https:\/\/foretagsbostadsbolagen.se\/index.php?rest_route=\/wp\/v2\/posts\/631","targetHints":{"allow":["GET"]}}],"collection":[{"href":"https:\/\/foretagsbostadsbolagen.se\/index.php?rest_route=\/wp\/v2\/posts"}],"about":[{"href":"https:\/\/foretagsbostadsbolagen.se\/index.php?rest_route=\/wp\/v2\/types\/post"}],"author":[{"embeddable":true,"href":"https:\/\/foretagsbostadsbolagen.se\/index.php?rest_route=\/wp\/v2\/users\/2"}],"replies":[{"embeddable":true,"href":"https:\/\/foretagsbostadsbolagen.se\/index.php?rest_route=%2Fwp%2Fv2%2Fcomments&post=631"}],"version-history":[{"count":1,"href":"https:\/\/foretagsbostadsbolagen.se\/index.php?rest_route=\/wp\/v2\/posts\/631\/revisions"}],"predecessor-version":[{"id":633,"href":"https:\/\/foretagsbostadsbolagen.se\/index.php?rest_route=\/wp\/v2\/posts\/631\/revisions\/633"}],"wp:featuredmedia":[{"embeddable":true,"href":"https:\/\/foretagsbostadsbolagen.se\/index.php?rest_route=\/wp\/v2\/media\/632"}],"wp:attachment":[{"href":"https:\/\/foretagsbostadsbolagen.se\/index.php?rest_route=%2Fwp%2Fv2%2Fmedia&parent=631"}],"wp:term":[{"taxonomy":"category","embeddable":true,"href":"https:\/\/foretagsbostadsbolagen.se\/index.php?rest_route=%2Fwp%2Fv2%2Fcategories&post=631"},{"taxonomy":"post_tag","embeddable":true,"href":"https:\/\/foretagsbostadsbolagen.se\/index.php?rest_route=%2Fwp%2Fv2%2Ftags&post=631"}],"curies":[{"name":"wp","href":"https:\/\/api.w.org\/{rel}","templated":true}]}}