{"id":570,"date":"2025-06-16T12:35:16","date_gmt":"2025-06-16T12:35:16","guid":{"rendered":"https:\/\/foretagsbostadsbolagen.se\/?p=570"},"modified":"2025-06-16T12:35:32","modified_gmt":"2025-06-16T12:35:32","slug":"darfor-behovs-foretagsbostadsbolag-debatt-bopol-podden","status":"publish","type":"post","link":"https:\/\/foretagsbostadsbolagen.se\/?p=570","title":{"rendered":"D\u00e4rf\u00f6r beh\u00f6vs f\u00f6retagsbostadsbolag \u2013 debatt Bopol-podden"},"content":{"rendered":"<p>I det senaste avsnittet av BoPol-podden m\u00f6ttes v\u00e5r ordf\u00f6rande Niclas Bl\u00e5klinth och Sebastian L\u00e4ndin fr\u00e5n Urban Rights i en engagerad debatt om f\u00f6retagsbostadsbolagens roll p\u00e5 bostadsmarknaden.<br \/>\nDet blev snabbt tydligt att vi st\u00e5r f\u00f6r tv\u00e5 helt olika syns\u00e4tt. F\u00f6retagsBostadsBolagen menar att vi \u00e4r en n\u00f6dv\u00e4ndig akt\u00f6r p\u00e5 en bostadsmarknad som i m\u00e5nga avseenden inte fungerar. Urban Rights \u00e5 sin sida vill helst att v\u00e5r verksamhet inte ska finnas alls.<\/p>\n<p>F\u00f6retagsbostadsbolag fyller ett verkligt behov<br \/>\nBakgrunden \u00e4r enkel: F\u00f6retag och offentliga verksamheter har sv\u00e5rt att rekrytera i storst\u00e4der och tillv\u00e4xtregioner, speciellt n\u00e4r vi har en bostadsmarknad som \u00e4r oflexibel. Den kompetens som Sverige beh\u00f6ver \u2014 b\u00e5de fr\u00e5n andra delar av landet och fr\u00e5n utlandet \u2014 riskerar att tacka nej till anst\u00e4llningar p\u00e5 grund av att de inte erbjuds ett boende.<\/p>\n<p>H\u00e4r fyller f\u00f6retagsbostadsbolagen en viktig funktion. Vi erbjuder flexibla, professionella och effektiva boendel\u00f6sningar \u00e5t f\u00f6retag som beh\u00f6ver snabbt tillg\u00e4ngliga bost\u00e4der f\u00f6r nyanst\u00e4llda, konsulter eller forskare. F\u00f6retagen sj\u00e4lva har s\u00e4llan resurser att sj\u00e4lva hantera blockhyresuppl\u00e4gg, underh\u00e5ll, service och administration \u2014 och det \u00e4r d\u00e4r vi skapar v\u00e4rde.<\/p>\n<p>Debatten handlar i grunden om regelverk, inte behovet<br \/>\nMotst\u00e5ndarsidan, representerat av Urban Rights, vill reducera fr\u00e5gan till en juridisk tvist om hyresniv\u00e5er och besittningsskydd. Men verkligheten \u00e4r mer komplex \u00e4n s\u00e5. Det \u00e4r inte h\u00e5llbart att j\u00e4mst\u00e4lla korttidsuthyrningar till f\u00f6retag med l\u00e5nga hyresavtal f\u00f6r privatpersoner. Kortare hyresperioder medf\u00f6r h\u00f6gre omkostnader, st\u00f6rre vakansrisker och h\u00f6gre servicegrad. D\u00e4rf\u00f6r \u00e4r det rimligt att hyran speglar de verkliga kostnaderna.<br \/>\nAtt kalla v\u00e5r verksamhet &#8221;olaglig&#8221; \u00e4r en felaktig f\u00f6renkling. Som regeringens utredare och Victor Mandel konstaterar finns det oklarheter i nuvarande regelverk som beh\u00f6ver hanteras \u2014 n\u00e5got som det aktuella lagf\u00f6rslaget nu \u00e4ntligen adresserar.<\/p>\n<p>En reglerad modell skapar trygghet<br \/>\nVi \u00e4r f\u00f6rsiktigt positiva till regeringens f\u00f6rslag som ligger p\u00e5 bordet. Det erk\u00e4nner behovet av f\u00f6retagsbost\u00e4der samtidigt som det inf\u00f6r tydliga regler och krav p\u00e5 akt\u00f6rerna. Just tydlighet och l\u00e5ngsiktiga spelregler \u00e4r det som b\u00e5de f\u00f6retagen och deras anst\u00e4llda efterfr\u00e5gar. En reglerad modell skapar trygghet b\u00e5de f\u00f6r hyresg\u00e4ster och uthyrande f\u00f6retag.<\/p>\n<p>Kompetensf\u00f6rs\u00f6rjning \u00e4r avg\u00f6rande f\u00f6r Sveriges tillv\u00e4xt<br \/>\nI slut\u00e4nden handlar detta om Sveriges konkurrenskraft. Utan fungerande l\u00f6sningar f\u00f6r bostadsf\u00f6rs\u00f6rjning tappar svenska f\u00f6retag i m\u00f6jligheten att rekrytera den kompetens som kr\u00e4vs f\u00f6r att forts\u00e4tta v\u00e4xa.<\/p>\n<p>F\u00f6retagsbostadsbolagen \u00e4r en del av l\u00f6sningen \u2014 inte problemet.<\/p>\n<p>Lyssna p\u00e5 hela debatten h\u00e4r:<\/p>\n<p><a href=\"https:\/\/open.spotify.com\/episode\/348LsprHZ3SV9Xc8PqRKK8?si=0cf5e0796a624511&amp;nd=1&amp;dlsi=e8661829fc734dac\">Spotify<\/a><\/p>\n<p><a href=\"https:\/\/www.bostadspolitik.se\/2025\/06\/16\/274-debatt-om-foretagsbostader-ingen-tycker-att-den-andre-borde-finnas\/\">Bostadspolitik.se<\/a><\/p>\n","protected":false},"excerpt":{"rendered":"<p>I det senaste avsnittet av BoPol-podden m\u00f6ttes v\u00e5r ordf\u00f6rande Niclas Bl\u00e5klinth och Sebastian L\u00e4ndin fr\u00e5n Urban Rights i en engagerad [&hellip;]<\/p>\n","protected":false},"author":2,"featured_media":571,"comment_status":"open","ping_status":"open","sticky":false,"template":"","format":"standard","meta":{"_monsterinsights_skip_tracking":false,"_monsterinsights_sitenote_active":false,"_monsterinsights_sitenote_note":"","_monsterinsights_sitenote_category":0,"footnotes":""},"categories":[3],"tags":[],"class_list":["post-570","post","type-post","status-publish","format-standard","has-post-thumbnail","hentry","category-nyhet"],"_links":{"self":[{"href":"https:\/\/foretagsbostadsbolagen.se\/index.php?rest_route=\/wp\/v2\/posts\/570","targetHints":{"allow":["GET"]}}],"collection":[{"href":"https:\/\/foretagsbostadsbolagen.se\/index.php?rest_route=\/wp\/v2\/posts"}],"about":[{"href":"https:\/\/foretagsbostadsbolagen.se\/index.php?rest_route=\/wp\/v2\/types\/post"}],"author":[{"embeddable":true,"href":"https:\/\/foretagsbostadsbolagen.se\/index.php?rest_route=\/wp\/v2\/users\/2"}],"replies":[{"embeddable":true,"href":"https:\/\/foretagsbostadsbolagen.se\/index.php?rest_route=%2Fwp%2Fv2%2Fcomments&post=570"}],"version-history":[{"count":1,"href":"https:\/\/foretagsbostadsbolagen.se\/index.php?rest_route=\/wp\/v2\/posts\/570\/revisions"}],"predecessor-version":[{"id":572,"href":"https:\/\/foretagsbostadsbolagen.se\/index.php?rest_route=\/wp\/v2\/posts\/570\/revisions\/572"}],"wp:featuredmedia":[{"embeddable":true,"href":"https:\/\/foretagsbostadsbolagen.se\/index.php?rest_route=\/wp\/v2\/media\/571"}],"wp:attachment":[{"href":"https:\/\/foretagsbostadsbolagen.se\/index.php?rest_route=%2Fwp%2Fv2%2Fmedia&parent=570"}],"wp:term":[{"taxonomy":"category","embeddable":true,"href":"https:\/\/foretagsbostadsbolagen.se\/index.php?rest_route=%2Fwp%2Fv2%2Fcategories&post=570"},{"taxonomy":"post_tag","embeddable":true,"href":"https:\/\/foretagsbostadsbolagen.se\/index.php?rest_route=%2Fwp%2Fv2%2Ftags&post=570"}],"curies":[{"name":"wp","href":"https:\/\/api.w.org\/{rel}","templated":true}]}}