{"id":564,"date":"2025-06-09T07:32:37","date_gmt":"2025-06-09T07:32:37","guid":{"rendered":"https:\/\/foretagsbostadsbolagen.se\/?p=564"},"modified":"2025-06-09T07:32:37","modified_gmt":"2025-06-09T07:32:37","slug":"lennart-weiss-foretagsbostader-fyller-en-avgorande-funktion-nu-kravs-politisk-vilja","status":"publish","type":"post","link":"https:\/\/foretagsbostadsbolagen.se\/?p=564","title":{"rendered":"Lennart Weiss: F\u00f6retagsbost\u00e4der fyller en avg\u00f6rande funktion \u2013 nu kr\u00e4vs politisk vilja"},"content":{"rendered":"<p data-start=\"246\" data-end=\"653\">I det senaste avsnittet av <em data-start=\"273\" data-end=\"286\">Bopolpodden<\/em> (#191) lyfter samh\u00e4llsbyggnadsdebatt\u00f6ren Lennart Weiss de problem och m\u00f6jligheter som r\u00f6r f\u00f6retagsbostadsmarknaden. Han kommenterar bland annat f\u00f6rslagen i den statliga utredningen <em data-start=\"468\" data-end=\"498\">En mer flexibel hyresmarknad<\/em> (SOU 2025:65), och konstaterar att f\u00f6retagsbost\u00e4der \u00e4r ett viktigt verktyg f\u00f6r arbetsmarknadens r\u00f6rlighet \u2013 men att tydliga och l\u00e5ngsiktiga regler saknas.<\/p>\n<blockquote data-start=\"655\" data-end=\"802\">\n<p data-start=\"657\" data-end=\"802\">&#8221;Syftet \u00e4r att m\u00f6jligg\u00f6ra en hyresmarknad f\u00f6r m\u00e4nniskor som \u00e4r i snabbt behov av bost\u00e4der \u2013 som ett sm\u00f6rjmedel f\u00f6r arbetsmarknaden&#8221;, s\u00e4ger Weiss.<\/p>\n<\/blockquote>\n<p data-start=\"804\" data-end=\"1009\">Han pekar p\u00e5 att det svenska hyressystemet, som starkt skyddar l\u00e5nga kontrakt i attraktiva l\u00e4gen, skapar inl\u00e5sningseffekter som f\u00f6retagsbost\u00e4der kan hj\u00e4lpa till att l\u00f6sa \u2013 f\u00f6rutsatt att de till\u00e5ts fungera.<\/p>\n<blockquote data-start=\"1011\" data-end=\"1228\">\n<p data-start=\"1013\" data-end=\"1228\">&#8221;H\u00e4r g\u00f6r regeringen ett f\u00f6rs\u00f6k att f\u00e5 den h\u00e4r nischmarknaden att fungera. Jag \u00e4r positiv till f\u00f6rslagen som r\u00f6r f\u00f6retagsbost\u00e4der och andrahandsuthyrning \u2013 de \u00e4r listigt utformade f\u00f6r att skapa tillf\u00e4llig r\u00f6rlighet.&#8221;<\/p>\n<\/blockquote>\n<p data-start=\"1230\" data-end=\"1515\">Weiss st\u00f6djer s\u00e4rskilt f\u00f6rslaget om att inf\u00f6ra anpassade hyror i upp till ett \u00e5r \u2013 d\u00e4r h\u00e4nsyn f\u00e5r tas till serviceutbud och flexibilitet \u2013 men \u00e4r kritisk till andra delar, bland annat om ut\u00f6kad andrahandsuthyrning i bostadsr\u00e4tter, d\u00e4r han menar att tryggheten i f\u00f6reningarna kan hotas.<\/p>\n<p data-start=\"1517\" data-end=\"1779\">F\u00f6retagsbostadsbolagen inst\u00e4mmer i mycket av det Weiss s\u00e4ger: det \u00e4r gl\u00e4djande att regeringen nu visar vilja att reglera denna del av bostadsmarknaden \u2013 men reglerna m\u00e5ste utformas s\u00e5 att de st\u00e4rker tillg\u00e5ngen till bost\u00e4der f\u00f6r arbetsmarknaden, inte minskar den.<\/p>\n<p data-start=\"1781\" data-end=\"1901\">Lyssna p\u00e5 hela poddavsnittet h\u00e4r:<br data-start=\"1814\" data-end=\"1817\" \/><a class=\"\" href=\"https:\/\/lnkd.in\/dEH9d2KA\" target=\"_new\" rel=\"noopener\" data-start=\"1820\" data-end=\"1901\">Bopolpodden #191 \u2013 Veckans Aktuellt med Lennart Weiss<\/a><\/p>\n","protected":false},"excerpt":{"rendered":"<p>I det senaste avsnittet av Bopolpodden (#191) lyfter samh\u00e4llsbyggnadsdebatt\u00f6ren Lennart Weiss de problem och m\u00f6jligheter som r\u00f6r f\u00f6retagsbostadsmarknaden. Han kommenterar [&hellip;]<\/p>\n","protected":false},"author":2,"featured_media":565,"comment_status":"open","ping_status":"open","sticky":false,"template":"","format":"standard","meta":{"_monsterinsights_skip_tracking":false,"_monsterinsights_sitenote_active":false,"_monsterinsights_sitenote_note":"","_monsterinsights_sitenote_category":0,"footnotes":""},"categories":[3],"tags":[],"class_list":["post-564","post","type-post","status-publish","format-standard","has-post-thumbnail","hentry","category-nyhet"],"_links":{"self":[{"href":"https:\/\/foretagsbostadsbolagen.se\/index.php?rest_route=\/wp\/v2\/posts\/564","targetHints":{"allow":["GET"]}}],"collection":[{"href":"https:\/\/foretagsbostadsbolagen.se\/index.php?rest_route=\/wp\/v2\/posts"}],"about":[{"href":"https:\/\/foretagsbostadsbolagen.se\/index.php?rest_route=\/wp\/v2\/types\/post"}],"author":[{"embeddable":true,"href":"https:\/\/foretagsbostadsbolagen.se\/index.php?rest_route=\/wp\/v2\/users\/2"}],"replies":[{"embeddable":true,"href":"https:\/\/foretagsbostadsbolagen.se\/index.php?rest_route=%2Fwp%2Fv2%2Fcomments&post=564"}],"version-history":[{"count":1,"href":"https:\/\/foretagsbostadsbolagen.se\/index.php?rest_route=\/wp\/v2\/posts\/564\/revisions"}],"predecessor-version":[{"id":566,"href":"https:\/\/foretagsbostadsbolagen.se\/index.php?rest_route=\/wp\/v2\/posts\/564\/revisions\/566"}],"wp:featuredmedia":[{"embeddable":true,"href":"https:\/\/foretagsbostadsbolagen.se\/index.php?rest_route=\/wp\/v2\/media\/565"}],"wp:attachment":[{"href":"https:\/\/foretagsbostadsbolagen.se\/index.php?rest_route=%2Fwp%2Fv2%2Fmedia&parent=564"}],"wp:term":[{"taxonomy":"category","embeddable":true,"href":"https:\/\/foretagsbostadsbolagen.se\/index.php?rest_route=%2Fwp%2Fv2%2Fcategories&post=564"},{"taxonomy":"post_tag","embeddable":true,"href":"https:\/\/foretagsbostadsbolagen.se\/index.php?rest_route=%2Fwp%2Fv2%2Ftags&post=564"}],"curies":[{"name":"wp","href":"https:\/\/api.w.org\/{rel}","templated":true}]}}