{"id":561,"date":"2025-06-06T09:00:10","date_gmt":"2025-06-06T09:00:10","guid":{"rendered":"https:\/\/foretagsbostadsbolagen.se\/?p=561"},"modified":"2025-06-05T11:52:42","modified_gmt":"2025-06-05T11:52:42","slug":"oecd-patalar-vikten-av-en-mer-flexibel-hyresmarknad-i-sverige","status":"publish","type":"post","link":"https:\/\/foretagsbostadsbolagen.se\/?p=561","title":{"rendered":"OECD p\u00e5talar vikten av en mer flexibel hyresmarknad i Sverige"},"content":{"rendered":"<p data-start=\"0\" data-end=\"150\"><span class=\"relative -mx-px my-[-0.2rem] rounded px-px py-[0.2rem] transition-colors duration-100 ease-in-out\">OECD:s senaste rapport, <em data-start=\"24\" data-end=\"47\">Economic Outlook 2025<\/em>, understryker behovet av att reformera Sveriges hyresmarknad f\u00f6r att fr\u00e4mja bostadsinvesteringar och \u00f6ka r\u00f6rligheten p\u00e5 arbetsmarknaden.<\/span> <span class=\"relative -mx-px my-[-0.2rem] rounded px-px py-[0.2rem] transition-colors duration-100 ease-in-out\">Rapporten pekar p\u00e5 att strikta hyresregler, s\u00e5som hyreskontroller och omfattande regleringar av hyresf\u00f6rh\u00e5llanden, kan h\u00e4mma investeringar i hyresbost\u00e4der.<\/span> <span class=\"relative -mx-px my-[-0.2rem] rounded px-px py-[0.2rem] transition-colors duration-100 ease-in-out\">Detta leder till ett minskat utbud av bost\u00e4der och begr\u00e4nsar m\u00f6jligheterna f\u00f6r individer att flytta dit jobben finns.<\/span><\/p>\n<p data-start=\"152\" data-end=\"230\"><span class=\"relative -mx-px my-[-0.2rem] rounded px-px py-[0.2rem] transition-colors duration-100 ease-in-out\">F\u00f6r att st\u00e4rka Sveriges konkurrenskraft och underl\u00e4tta kompetensf\u00f6rs\u00f6rjningen rekommenderar OECD att Sverige:<\/span><\/p>\n<ul data-start=\"232\" data-end=\"394\">\n<li data-start=\"232\" data-end=\"312\">\n<p data-start=\"234\" data-end=\"312\"><span class=\"relative -mx-px my-[-0.2rem] rounded px-px py-[0.2rem] transition-colors duration-100 ease-in-out\"><strong data-start=\"0\" data-end=\"30\" data-is-only-node=\"\">L\u00e4ttar p\u00e5 hyresregleringar<\/strong> f\u00f6r att \u00f6ka investeringar i hyresbost\u00e4der.<\/span><\/p>\n<\/li>\n<li data-start=\"314\" data-end=\"394\">\n<p data-start=\"316\" data-end=\"394\"><span class=\"relative -mx-px my-[-0.2rem] rounded px-px py-[0.2rem] transition-colors duration-100 ease-in-out\"><strong data-start=\"0\" data-end=\"37\" data-is-only-node=\"\">F\u00f6renklar plan- och byggprocesser<\/strong> f\u00f6r att p\u00e5skynda bostadsbyggandet.<\/span><\/p>\n<\/li>\n<\/ul>\n<p data-start=\"396\" data-end=\"474\"><span class=\"relative -mx-px my-[-0.2rem] rounded px-px py-[0.2rem] transition-colors duration-100 ease-in-out\">Dessa \u00e5tg\u00e4rder skulle inte bara f\u00f6rb\u00e4ttra tillg\u00e5ngen till bost\u00e4der utan \u00e4ven underl\u00e4tta f\u00f6r f\u00f6retag att rekrytera och beh\u00e5lla kompetent personal.<\/span><\/p>\n<p data-start=\"476\" data-end=\"554\"><span class=\"relative -mx-px my-[-0.2rem] rounded px-px py-[0.2rem] transition-colors duration-100 ease-in-out\">F\u00f6r mer information, l\u00e4s hela rapporten h\u00e4r: <a href=\"https:\/\/www.oecd.org\/en\/publications\/oecd-economic-outlook-volume-2025-issue-1_83363382-en.html\" target=\"_new\" rel=\"noopener noreferrer\" data-start=\"45\" data-end=\"170\">OECD Economic Outlook 2025<\/a>.<\/span><\/p>\n","protected":false},"excerpt":{"rendered":"<p>OECD:s senaste rapport, Economic Outlook 2025, understryker behovet av att reformera Sveriges hyresmarknad f\u00f6r att fr\u00e4mja bostadsinvesteringar och \u00f6ka r\u00f6rligheten [&hellip;]<\/p>\n","protected":false},"author":2,"featured_media":562,"comment_status":"open","ping_status":"open","sticky":false,"template":"","format":"standard","meta":{"_monsterinsights_skip_tracking":false,"_monsterinsights_sitenote_active":false,"_monsterinsights_sitenote_note":"","_monsterinsights_sitenote_category":0,"footnotes":""},"categories":[3],"tags":[],"class_list":["post-561","post","type-post","status-publish","format-standard","has-post-thumbnail","hentry","category-nyhet"],"_links":{"self":[{"href":"https:\/\/foretagsbostadsbolagen.se\/index.php?rest_route=\/wp\/v2\/posts\/561","targetHints":{"allow":["GET"]}}],"collection":[{"href":"https:\/\/foretagsbostadsbolagen.se\/index.php?rest_route=\/wp\/v2\/posts"}],"about":[{"href":"https:\/\/foretagsbostadsbolagen.se\/index.php?rest_route=\/wp\/v2\/types\/post"}],"author":[{"embeddable":true,"href":"https:\/\/foretagsbostadsbolagen.se\/index.php?rest_route=\/wp\/v2\/users\/2"}],"replies":[{"embeddable":true,"href":"https:\/\/foretagsbostadsbolagen.se\/index.php?rest_route=%2Fwp%2Fv2%2Fcomments&post=561"}],"version-history":[{"count":1,"href":"https:\/\/foretagsbostadsbolagen.se\/index.php?rest_route=\/wp\/v2\/posts\/561\/revisions"}],"predecessor-version":[{"id":563,"href":"https:\/\/foretagsbostadsbolagen.se\/index.php?rest_route=\/wp\/v2\/posts\/561\/revisions\/563"}],"wp:featuredmedia":[{"embeddable":true,"href":"https:\/\/foretagsbostadsbolagen.se\/index.php?rest_route=\/wp\/v2\/media\/562"}],"wp:attachment":[{"href":"https:\/\/foretagsbostadsbolagen.se\/index.php?rest_route=%2Fwp%2Fv2%2Fmedia&parent=561"}],"wp:term":[{"taxonomy":"category","embeddable":true,"href":"https:\/\/foretagsbostadsbolagen.se\/index.php?rest_route=%2Fwp%2Fv2%2Fcategories&post=561"},{"taxonomy":"post_tag","embeddable":true,"href":"https:\/\/foretagsbostadsbolagen.se\/index.php?rest_route=%2Fwp%2Fv2%2Ftags&post=561"}],"curies":[{"name":"wp","href":"https:\/\/api.w.org\/{rel}","templated":true}]}}