{"id":472,"date":"2025-03-10T08:34:26","date_gmt":"2025-03-10T08:34:26","guid":{"rendered":"https:\/\/foretagsbostadsbolagen.se\/?p=472"},"modified":"2025-03-10T08:38:59","modified_gmt":"2025-03-10T08:38:59","slug":"intervju-i-fastighetssverige-med-manuela-fran-beautiful-apartments-om-branschen-for-foretagsbostader","status":"publish","type":"post","link":"https:\/\/foretagsbostadsbolagen.se\/?p=472","title":{"rendered":"F\u00f6retagsbost\u00e4der avg\u00f6rande f\u00f6r kompetensf\u00f6rs\u00f6rjning \u2013 men branschen k\u00e4mpar i motvind"},"content":{"rendered":"<p data-start=\"261\" data-end=\"583\">F\u00f6retagsbostadsbranschen \u00e4r just nu under h\u00e5rd press. Juridiska os\u00e4kerheter och ekonomiska utmaningar har lett till att flera akt\u00f6rer tvingats minska sin verksamhet eller l\u00e4gga ner helt. Samtidigt efterfr\u00e5gas dessa bost\u00e4der av f\u00f6retag som beh\u00f6ver tempor\u00e4ra boendel\u00f6sningar f\u00f6r nyanst\u00e4llda och internationell arbetskraft.<\/p>\n<p data-start=\"585\" data-end=\"1020\">Manuela Zerega Westin, vd f\u00f6r f\u00f6retagsbostadsf\u00f6rmedlaren Beautiful Apartments, beskriver hur en dom fr\u00e5n 2022 skapat stor os\u00e4kerhet i branschen. M\u00e5nga f\u00f6retagsbostadsbolag har tvingats minska sitt best\u00e5nd, s\u00e4ga upp personal och dra ner p\u00e5 verksamheten f\u00f6r att klara sig. Samtidigt kvarst\u00e5r behovet av flexibla bostadsl\u00f6sningar f\u00f6r f\u00f6retag, som ofta har anst\u00e4llda som tillf\u00e4lligt arbetar i Sverige innan de bos\u00e4tter sig mer permanent.<\/p>\n<p data-start=\"1022\" data-end=\"1624\">Det \u00e4r dock inte bara branschens akt\u00f6rer som ser problemen. Flera stora arbetsgivare har redan vittnat om att det blivit sv\u00e5rare att rekrytera internationell kompetens till Sverige p\u00e5 grund av bristen p\u00e5 f\u00f6retagsbost\u00e4der. \u00c4ven n\u00e4ringslivsorganisationer och experter inom kompetensf\u00f6rs\u00f6rjning har lyft att utan en fungerande marknad f\u00f6r f\u00f6retagsboenden riskerar investeringar och arbetstillf\u00e4llen att flytta utomlands. Joakim Bourelius, n\u00e4ringspolitisk chef p\u00e5 Innovationsf\u00f6retagen, har exempelvis varnat f\u00f6r att &#8221;vi d\u00e5 st\u00e5r inf\u00f6r en katastrof d\u00e4r investeringar och arbeten flyttas till andra l\u00e4nder.&#8221;<\/p>\n<p data-start=\"1626\" data-end=\"1977\">En vanlig missuppfattning \u00e4r att f\u00f6retagen sj\u00e4lva kan hantera bostadsf\u00f6rs\u00f6rjningen, men i praktiken saknar de b\u00e5de resurser och intresse av att sk\u00f6ta hyresavtal, m\u00f6blering och f\u00f6rvaltning. F\u00f6retagsbost\u00e4der fungerar d\u00e4rf\u00f6r som en viktig mellanl\u00f6sning mellan hotell och permanent boende och m\u00f6jligg\u00f6r en smidig \u00f6verg\u00e5ng f\u00f6r internationell arbetskraft.<\/p>\n<p data-start=\"1979\" data-end=\"2421\">Regeringen har nu tillsatt en utredning om privatuthyrning och presumtionshyror, med ett till\u00e4ggsdirektiv som ska se \u00f6ver regelverket f\u00f6r f\u00f6retagsbost\u00e4der. Resultatet, som presenteras i maj, kan bli avg\u00f6rande f\u00f6r branschens framtid. Om ingen l\u00f6sning hittas riskerar f\u00f6retagens m\u00f6jligheter att rekrytera internationell kompetens att f\u00f6rs\u00e4mras, vilket i sin tur kan f\u00e5 konsekvenser f\u00f6r Sveriges konkurrenskraft p\u00e5 den globala arbetsmarknaden.<\/p>\n<p>L\u00e4nk till artiklen i Fastighetssverige: <a href=\"https:\/\/www.fastighetssverige.se\/artikel\/svart-att-planera-nar-vi-kanske-inte-ens-finns-om-ett-ar-52748\">https:\/\/www.fastighetssverige.se\/artikel\/svart-att-planera-nar-vi-kanske-inte-ens-finns-om-ett-ar-52748<\/a><\/p>\n","protected":false},"excerpt":{"rendered":"<p>F\u00f6retagsbostadsbranschen \u00e4r just nu under h\u00e5rd press. Juridiska os\u00e4kerheter och ekonomiska utmaningar har lett till att flera akt\u00f6rer tvingats minska [&hellip;]<\/p>\n","protected":false},"author":2,"featured_media":474,"comment_status":"open","ping_status":"open","sticky":false,"template":"","format":"standard","meta":{"_monsterinsights_skip_tracking":false,"_monsterinsights_sitenote_active":false,"_monsterinsights_sitenote_note":"","_monsterinsights_sitenote_category":0,"footnotes":""},"categories":[3],"tags":[],"class_list":["post-472","post","type-post","status-publish","format-standard","has-post-thumbnail","hentry","category-nyhet"],"_links":{"self":[{"href":"https:\/\/foretagsbostadsbolagen.se\/index.php?rest_route=\/wp\/v2\/posts\/472","targetHints":{"allow":["GET"]}}],"collection":[{"href":"https:\/\/foretagsbostadsbolagen.se\/index.php?rest_route=\/wp\/v2\/posts"}],"about":[{"href":"https:\/\/foretagsbostadsbolagen.se\/index.php?rest_route=\/wp\/v2\/types\/post"}],"author":[{"embeddable":true,"href":"https:\/\/foretagsbostadsbolagen.se\/index.php?rest_route=\/wp\/v2\/users\/2"}],"replies":[{"embeddable":true,"href":"https:\/\/foretagsbostadsbolagen.se\/index.php?rest_route=%2Fwp%2Fv2%2Fcomments&post=472"}],"version-history":[{"count":3,"href":"https:\/\/foretagsbostadsbolagen.se\/index.php?rest_route=\/wp\/v2\/posts\/472\/revisions"}],"predecessor-version":[{"id":477,"href":"https:\/\/foretagsbostadsbolagen.se\/index.php?rest_route=\/wp\/v2\/posts\/472\/revisions\/477"}],"wp:featuredmedia":[{"embeddable":true,"href":"https:\/\/foretagsbostadsbolagen.se\/index.php?rest_route=\/wp\/v2\/media\/474"}],"wp:attachment":[{"href":"https:\/\/foretagsbostadsbolagen.se\/index.php?rest_route=%2Fwp%2Fv2%2Fmedia&parent=472"}],"wp:term":[{"taxonomy":"category","embeddable":true,"href":"https:\/\/foretagsbostadsbolagen.se\/index.php?rest_route=%2Fwp%2Fv2%2Fcategories&post=472"},{"taxonomy":"post_tag","embeddable":true,"href":"https:\/\/foretagsbostadsbolagen.se\/index.php?rest_route=%2Fwp%2Fv2%2Ftags&post=472"}],"curies":[{"name":"wp","href":"https:\/\/api.w.org\/{rel}","templated":true}]}}