{"id":429,"date":"2025-01-07T09:08:19","date_gmt":"2025-01-07T09:08:19","guid":{"rendered":"https:\/\/foretagsbostadsbolagen.se\/?p=429"},"modified":"2025-01-07T09:08:19","modified_gmt":"2025-01-07T09:08:19","slug":"ett-ar-av-utmaningar-och-mojligheter-foretagsbostadsbolagen-2024","status":"publish","type":"post","link":"https:\/\/foretagsbostadsbolagen.se\/?p=429","title":{"rendered":"Ett \u00e5r av utmaningar och m\u00f6jligheter: F\u00f6retagsbostadsbolagen 2024"},"content":{"rendered":"<p>\u00c5r 2024 har varit ett h\u00e4ndelserikt \u00e5r f\u00f6r f\u00f6retagsbostadsbranschen och F\u00f6retagsbostadsbolagen. H\u00e4r \u00e4r n\u00e5gra av de viktigaste h\u00e4ndelserna och insikterna fr\u00e5n \u00e5ret:<\/p>\n<ol>\n<li><strong>Regelverksutmaningar och politisk p\u00e5verkan<\/strong><br \/>\nVi har under \u00e5ret fortsatt att arbeta f\u00f6r att lyfta fram f\u00f6retagsbost\u00e4ders betydelse och behovet av anpassade lagar och regler. Fr\u00e5gor som flexibilitet i hyress\u00e4ttning, r\u00e4ttvisa villkor och erk\u00e4nnandet av f\u00f6retagsbost\u00e4ders s\u00e4rart har varit centrala i v\u00e5ra dialoger med politiken.<\/li>\n<li><strong>F\u00f6retagsbost\u00e4der och kompetensf\u00f6rs\u00f6rjning<\/strong><br \/>\nVi har g\u00e5ng p\u00e5 g\u00e5ng betonat den viktiga roll f\u00f6retagsbost\u00e4der spelar f\u00f6r Sveriges kompetensf\u00f6rs\u00f6rjning. Genom att m\u00f6jligg\u00f6ra f\u00f6r f\u00f6retag att erbjuda korttidsboenden har vi bidragit till att attrahera talanger inom forskning, teknik och gr\u00f6n omst\u00e4llning. Stora projekt som Ostl\u00e4nken visar ocks\u00e5 behovet av bost\u00e4der f\u00f6r tillf\u00e4llig arbetskraft.<\/li>\n<li><strong>Utmaningar inom branschen<\/strong><br \/>\n\u00c5ret har tyv\u00e4rr ocks\u00e5 pr\u00e4glats av sv\u00e5righeter f\u00f6r flera akt\u00f6rer, d\u00e4ribland nedl\u00e4ggningen av en av v\u00e5ra medlemmar, Stay in Sweden. Detta understryker behovet av stabila och rimliga f\u00f6ruts\u00e4ttningar f\u00f6r f\u00f6retagsbostadsverksamhet.<\/li>\n<li><strong>\u00d6kat samarbete och dialog<\/strong><br \/>\nVi har intensifierat v\u00e5ra samarbeten med andra organisationer, f\u00f6retag och politiska beslutsfattare f\u00f6r att s\u00e4kerst\u00e4lla att f\u00f6retagsbost\u00e4dernas betydelse inte f\u00f6rbises i den bostadspolitiska debatten.<\/li>\n<\/ol>\n<p><strong>Framtiden<\/strong><br \/>\nF\u00f6retagsbostadsbolagen ser fram emot att forts\u00e4tta arbeta f\u00f6r en h\u00e5llbar och inkluderande hyresmarknad d\u00e4r f\u00f6retagsbost\u00e4der ses som en n\u00f6dv\u00e4ndig del av Sveriges tillv\u00e4xt och framg\u00e5ng.<\/p>\n<p>L\u00e4s mer om v\u00e5rt arbete och v\u00e5ra insikter p\u00e5 v\u00e5r hemsida: <a href=\"https:\/\/foretagsbostadsbolagen.se\/?page_id=177\" target=\"_new\" rel=\"noopener\">foretagsbostadsbolagen.se<\/a><\/p>\n","protected":false},"excerpt":{"rendered":"<p>\u00c5r 2024 har varit ett h\u00e4ndelserikt \u00e5r f\u00f6r f\u00f6retagsbostadsbranschen och F\u00f6retagsbostadsbolagen. H\u00e4r \u00e4r n\u00e5gra av de viktigaste h\u00e4ndelserna och insikterna [&hellip;]<\/p>\n","protected":false},"author":2,"featured_media":369,"comment_status":"open","ping_status":"open","sticky":false,"template":"","format":"standard","meta":{"_monsterinsights_skip_tracking":false,"_monsterinsights_sitenote_active":false,"_monsterinsights_sitenote_note":"","_monsterinsights_sitenote_category":0,"footnotes":""},"categories":[3],"tags":[],"class_list":["post-429","post","type-post","status-publish","format-standard","has-post-thumbnail","hentry","category-nyhet"],"_links":{"self":[{"href":"https:\/\/foretagsbostadsbolagen.se\/index.php?rest_route=\/wp\/v2\/posts\/429","targetHints":{"allow":["GET"]}}],"collection":[{"href":"https:\/\/foretagsbostadsbolagen.se\/index.php?rest_route=\/wp\/v2\/posts"}],"about":[{"href":"https:\/\/foretagsbostadsbolagen.se\/index.php?rest_route=\/wp\/v2\/types\/post"}],"author":[{"embeddable":true,"href":"https:\/\/foretagsbostadsbolagen.se\/index.php?rest_route=\/wp\/v2\/users\/2"}],"replies":[{"embeddable":true,"href":"https:\/\/foretagsbostadsbolagen.se\/index.php?rest_route=%2Fwp%2Fv2%2Fcomments&post=429"}],"version-history":[{"count":1,"href":"https:\/\/foretagsbostadsbolagen.se\/index.php?rest_route=\/wp\/v2\/posts\/429\/revisions"}],"predecessor-version":[{"id":430,"href":"https:\/\/foretagsbostadsbolagen.se\/index.php?rest_route=\/wp\/v2\/posts\/429\/revisions\/430"}],"wp:featuredmedia":[{"embeddable":true,"href":"https:\/\/foretagsbostadsbolagen.se\/index.php?rest_route=\/wp\/v2\/media\/369"}],"wp:attachment":[{"href":"https:\/\/foretagsbostadsbolagen.se\/index.php?rest_route=%2Fwp%2Fv2%2Fmedia&parent=429"}],"wp:term":[{"taxonomy":"category","embeddable":true,"href":"https:\/\/foretagsbostadsbolagen.se\/index.php?rest_route=%2Fwp%2Fv2%2Fcategories&post=429"},{"taxonomy":"post_tag","embeddable":true,"href":"https:\/\/foretagsbostadsbolagen.se\/index.php?rest_route=%2Fwp%2Fv2%2Ftags&post=429"}],"curies":[{"name":"wp","href":"https:\/\/api.w.org\/{rel}","templated":true}]}}