{"id":422,"date":"2024-12-02T08:36:37","date_gmt":"2024-12-02T08:36:37","guid":{"rendered":"https:\/\/foretagsbostadsbolagen.se\/?p=422"},"modified":"2024-12-02T08:36:37","modified_gmt":"2024-12-02T08:36:37","slug":"bopolpodden-med-lennart-weiss-sammanfattar-rattsliga-laget-och-atgarder-som-kravs","status":"publish","type":"post","link":"https:\/\/foretagsbostadsbolagen.se\/?p=422","title":{"rendered":"Bopolpodden med Lennart Weiss sammanfattar r\u00e4ttsliga l\u00e4get och \u00e5tg\u00e4rder som kr\u00e4vs"},"content":{"rendered":"<p>En kort men v\u00e4l sammanfattad genomg\u00e5ng av Lennart Weiss av det r\u00e4ttsliga l\u00e4get f\u00f6r f\u00f6retagsbost\u00e4der d\u00e4r han ser att r\u00e4ttsfallet med &#8221;Zlatantvisten&#8221; belyser oklarheter i hyreslagstifningen och att det \u00e4r i behov av ett f\u00f6rtydligande hur f\u00f6retagsbost\u00e4der ska kunna fungera fram\u00e5t. Han f\u00f6rklarar vidare att det finns ett behov av f\u00f6retagsbost\u00e4der, men att det \u00e4r sv\u00e5rt att bedriva verksamheten och att lagstiftaren beh\u00f6ver kliva in h\u00e4r. &#8221;Vi beh\u00f6ver bost\u00e4der f\u00f6r olika syften, m\u00e5ste fungera f\u00f6r sociala syften och m\u00e5ste \u00e4ven fungera \u00e4ven f\u00f6r arbetsmarknaden.<\/p>\n<p>Som Lennart Weiss beskriver h\u00e4r s\u00e5 finns det ett viktigt och legitimt behov f\u00f6r f\u00f6retagsbost\u00e4der om vi inte ska riskera v\u00e5r kompetensf\u00f6rs\u00f6rjning. Nu \u00e4r v\u00e5r f\u00f6rhoppning att lagstiftningen ska klarg\u00f6ras via utredningen som p\u00e5g\u00e5r just nu och g\u00f6ra det l\u00e5ngsiktigt h\u00e5llbart att kunna erbjuda f\u00f6retagsbost\u00e4der. D\u00e5 kommer \u00e4ven \u00f6verbelastningen av v\u00e5ra domstolar sluta och f\u00f6retag som f\u00f6rs\u00f6ker nyttja den otydliga situationen f\u00f6r egen vinning inte l\u00e4ngre kan g\u00f6ra det.<\/p>\n<p>&nbsp;<\/p>\n<blockquote class=\"wp-embedded-content\" data-secret=\"1WnjNvwU2s\"><p><a href=\"https:\/\/www.bostadspolitik.se\/2024\/11\/29\/veckans-aktuellt-v48-zlatantvist-kofusk-grov-kriminalitet-och-sagade-myndigheter\/\">Veckans Aktuellt v48: Zlatantvist, k\u00f6fusk, grov kriminalitet och s\u00e5gade myndigheter<\/a><\/p><\/blockquote>\n<p><iframe class=\"wp-embedded-content\" sandbox=\"allow-scripts\" security=\"restricted\" style=\"position: absolute; visibility: hidden;\" title=\"\u201dVeckans Aktuellt v48: Zlatantvist, k\u00f6fusk, grov kriminalitet och s\u00e5gade myndigheter\u201d &ndash; Bostadspolitik - Debatt och f\u00f6rdjupning - #bopol\" src=\"https:\/\/www.bostadspolitik.se\/2024\/11\/29\/veckans-aktuellt-v48-zlatantvist-kofusk-grov-kriminalitet-och-sagade-myndigheter\/embed\/#?secret=gX6FI19y5v#?secret=1WnjNvwU2s\" data-secret=\"1WnjNvwU2s\" width=\"600\" height=\"338\" frameborder=\"0\" marginwidth=\"0\" marginheight=\"0\" scrolling=\"no\"><\/iframe><\/p>\n","protected":false},"excerpt":{"rendered":"<p>En kort men v\u00e4l sammanfattad genomg\u00e5ng av Lennart Weiss av det r\u00e4ttsliga l\u00e4get f\u00f6r f\u00f6retagsbost\u00e4der d\u00e4r han ser att r\u00e4ttsfallet [&hellip;]<\/p>\n","protected":false},"author":2,"featured_media":423,"comment_status":"open","ping_status":"open","sticky":false,"template":"","format":"standard","meta":{"_monsterinsights_skip_tracking":false,"_monsterinsights_sitenote_active":false,"_monsterinsights_sitenote_note":"","_monsterinsights_sitenote_category":0,"footnotes":""},"categories":[3],"tags":[],"class_list":["post-422","post","type-post","status-publish","format-standard","has-post-thumbnail","hentry","category-nyhet"],"_links":{"self":[{"href":"https:\/\/foretagsbostadsbolagen.se\/index.php?rest_route=\/wp\/v2\/posts\/422","targetHints":{"allow":["GET"]}}],"collection":[{"href":"https:\/\/foretagsbostadsbolagen.se\/index.php?rest_route=\/wp\/v2\/posts"}],"about":[{"href":"https:\/\/foretagsbostadsbolagen.se\/index.php?rest_route=\/wp\/v2\/types\/post"}],"author":[{"embeddable":true,"href":"https:\/\/foretagsbostadsbolagen.se\/index.php?rest_route=\/wp\/v2\/users\/2"}],"replies":[{"embeddable":true,"href":"https:\/\/foretagsbostadsbolagen.se\/index.php?rest_route=%2Fwp%2Fv2%2Fcomments&post=422"}],"version-history":[{"count":1,"href":"https:\/\/foretagsbostadsbolagen.se\/index.php?rest_route=\/wp\/v2\/posts\/422\/revisions"}],"predecessor-version":[{"id":424,"href":"https:\/\/foretagsbostadsbolagen.se\/index.php?rest_route=\/wp\/v2\/posts\/422\/revisions\/424"}],"wp:featuredmedia":[{"embeddable":true,"href":"https:\/\/foretagsbostadsbolagen.se\/index.php?rest_route=\/wp\/v2\/media\/423"}],"wp:attachment":[{"href":"https:\/\/foretagsbostadsbolagen.se\/index.php?rest_route=%2Fwp%2Fv2%2Fmedia&parent=422"}],"wp:term":[{"taxonomy":"category","embeddable":true,"href":"https:\/\/foretagsbostadsbolagen.se\/index.php?rest_route=%2Fwp%2Fv2%2Fcategories&post=422"},{"taxonomy":"post_tag","embeddable":true,"href":"https:\/\/foretagsbostadsbolagen.se\/index.php?rest_route=%2Fwp%2Fv2%2Ftags&post=422"}],"curies":[{"name":"wp","href":"https:\/\/api.w.org\/{rel}","templated":true}]}}