{"id":418,"date":"2024-10-17T08:11:03","date_gmt":"2024-10-17T08:11:03","guid":{"rendered":"https:\/\/foretagsbostadsbolagen.se\/?p=418"},"modified":"2024-10-17T08:13:05","modified_gmt":"2024-10-17T08:13:05","slug":"brist-pa-korttidsboende-for-personal-hotar-verksamheten-i-foretag-myndigheter-och-organisationer","status":"publish","type":"post","link":"https:\/\/foretagsbostadsbolagen.se\/?p=418","title":{"rendered":"Brist p\u00e5 korttidsboende f\u00f6r personal hotar verksamheten i f\u00f6retag, myndigheter och organisationer"},"content":{"rendered":"<p>&nbsp;<\/p>\n<p><strong>Debattartikel: Brist p\u00e5 korttidsboenden hotar f\u00f6retagens och myndigheternas kompetensf\u00f6rs\u00f6rjning<\/strong><\/p>\n<p>I en nyligen publicerad debattartikel p\u00e5 Bostadspolitik.se lyfter vi p\u00e5 <strong>F\u00f6retagsbostadsbolagen (FBB)<\/strong> en kritisk fr\u00e5ga f\u00f6r svensk arbetsmarknad: den allvarliga bristen p\u00e5 korttidsboenden f\u00f6r f\u00f6retag, myndigheter och organisationer som rekryterar arbetskraft. Denna brist hotar verksamheter inom flera viktiga sektorer och f\u00f6rsv\u00e5rar Sveriges konkurrenskraft p\u00e5 den globala arbetsmarknaden.<\/p>\n<p>Vi betonar att korttidsboenden \u00e4r en n\u00f6dv\u00e4ndig del f\u00f6r f\u00f6retag som snabbt beh\u00f6ver erbjuda tillf\u00e4lliga bost\u00e4der f\u00f6r sin personal. Med nuvarande hyreslagstiftning blir det sv\u00e5rt att m\u00f6ta detta behov, d\u00e5 den \u00e4r utformad f\u00f6r l\u00e5ngsiktigt boende och inte anpassad f\u00f6r den flexibilitet som f\u00f6retagsbost\u00e4der kr\u00e4ver.<\/p>\n<p>I artikeln f\u00f6rklarar vi hur FBB arbetar f\u00f6r att \u00f6ka f\u00f6rst\u00e5elsen f\u00f6r vikten av dessa boenden och varf\u00f6r en f\u00f6r\u00e4ndring i hyresreglerna \u00e4r n\u00f6dv\u00e4ndig. Bristen p\u00e5 tillg\u00e4ngliga korttidsboenden f\u00f6r personal hindrar inte bara f\u00f6retagens m\u00f6jligheter att rekrytera internationell kompetens, utan hotar \u00e4ven utvecklingen av viktiga sektorer som v\u00e5rd, teknik och industri.<\/p>\n<p>L\u00e4s mer om v\u00e5ra tankar och l\u00f6sningar p\u00e5 denna viktiga fr\u00e5ga i <strong><a href=\"https:\/\/www.bostadspolitik.se\/2024\/10\/15\/brist-pa-korttidsboende-for-personal-hotar-verksamheten-i-foretag-myndigheter-och-organisationer\/\" target=\"_new\" rel=\"noopener\">debattartikeln h\u00e4r<\/a><\/strong>.<\/p>\n<p>#F\u00f6retagsbost\u00e4der #Kompetensf\u00f6rs\u00f6rjning #Bostadspolitik #Hyresmarknad<\/p>\n<blockquote class=\"wp-embedded-content\" data-secret=\"cQwrPYrIk3\"><p><a href=\"https:\/\/www.bostadspolitik.se\/2024\/10\/15\/brist-pa-korttidsboende-for-personal-hotar-verksamheten-i-foretag-myndigheter-och-organisationer\/\">Brist p\u00e5 korttidsboende f\u00f6r personal hotar verksamheten i f\u00f6retag, myndigheter och organisationer<\/a><\/p><\/blockquote>\n<p><iframe class=\"wp-embedded-content\" sandbox=\"allow-scripts\" security=\"restricted\" style=\"position: absolute; visibility: hidden;\" title=\"\u201dBrist p\u00e5 korttidsboende f\u00f6r personal hotar verksamheten i f\u00f6retag, myndigheter och organisationer\u201d &ndash; Bostadspolitik - Debatt och f\u00f6rdjupning - #bopol\" src=\"https:\/\/www.bostadspolitik.se\/2024\/10\/15\/brist-pa-korttidsboende-for-personal-hotar-verksamheten-i-foretag-myndigheter-och-organisationer\/embed\/#?secret=bnTNiuWjg2#?secret=cQwrPYrIk3\" data-secret=\"cQwrPYrIk3\" width=\"600\" height=\"338\" frameborder=\"0\" marginwidth=\"0\" marginheight=\"0\" scrolling=\"no\"><\/iframe><\/p>\n<p>&nbsp;<\/p>\n","protected":false},"excerpt":{"rendered":"<p>&nbsp; Debattartikel: Brist p\u00e5 korttidsboenden hotar f\u00f6retagens och myndigheternas kompetensf\u00f6rs\u00f6rjning I en nyligen publicerad debattartikel p\u00e5 Bostadspolitik.se lyfter vi p\u00e5 [&hellip;]<\/p>\n","protected":false},"author":2,"featured_media":419,"comment_status":"open","ping_status":"open","sticky":false,"template":"","format":"standard","meta":{"_monsterinsights_skip_tracking":false,"_monsterinsights_sitenote_active":false,"_monsterinsights_sitenote_note":"","_monsterinsights_sitenote_category":0,"footnotes":""},"categories":[3],"tags":[],"class_list":["post-418","post","type-post","status-publish","format-standard","has-post-thumbnail","hentry","category-nyhet"],"_links":{"self":[{"href":"https:\/\/foretagsbostadsbolagen.se\/index.php?rest_route=\/wp\/v2\/posts\/418","targetHints":{"allow":["GET"]}}],"collection":[{"href":"https:\/\/foretagsbostadsbolagen.se\/index.php?rest_route=\/wp\/v2\/posts"}],"about":[{"href":"https:\/\/foretagsbostadsbolagen.se\/index.php?rest_route=\/wp\/v2\/types\/post"}],"author":[{"embeddable":true,"href":"https:\/\/foretagsbostadsbolagen.se\/index.php?rest_route=\/wp\/v2\/users\/2"}],"replies":[{"embeddable":true,"href":"https:\/\/foretagsbostadsbolagen.se\/index.php?rest_route=%2Fwp%2Fv2%2Fcomments&post=418"}],"version-history":[{"count":1,"href":"https:\/\/foretagsbostadsbolagen.se\/index.php?rest_route=\/wp\/v2\/posts\/418\/revisions"}],"predecessor-version":[{"id":420,"href":"https:\/\/foretagsbostadsbolagen.se\/index.php?rest_route=\/wp\/v2\/posts\/418\/revisions\/420"}],"wp:featuredmedia":[{"embeddable":true,"href":"https:\/\/foretagsbostadsbolagen.se\/index.php?rest_route=\/wp\/v2\/media\/419"}],"wp:attachment":[{"href":"https:\/\/foretagsbostadsbolagen.se\/index.php?rest_route=%2Fwp%2Fv2%2Fmedia&parent=418"}],"wp:term":[{"taxonomy":"category","embeddable":true,"href":"https:\/\/foretagsbostadsbolagen.se\/index.php?rest_route=%2Fwp%2Fv2%2Fcategories&post=418"},{"taxonomy":"post_tag","embeddable":true,"href":"https:\/\/foretagsbostadsbolagen.se\/index.php?rest_route=%2Fwp%2Fv2%2Ftags&post=418"}],"curies":[{"name":"wp","href":"https:\/\/api.w.org\/{rel}","templated":true}]}}