{"id":412,"date":"2024-09-25T07:27:07","date_gmt":"2024-09-25T07:27:07","guid":{"rendered":"https:\/\/foretagsbostadsbolagen.se\/?p=412"},"modified":"2024-09-25T07:27:07","modified_gmt":"2024-09-25T07:27:07","slug":"bostadssituationen-i-goteborg-ett-hinder-for-kompetensforsorjning","status":"publish","type":"post","link":"https:\/\/foretagsbostadsbolagen.se\/?p=412","title":{"rendered":"Bostadssituationen i G\u00f6teborg \u2013 ett hinder f\u00f6r kompetensf\u00f6rs\u00f6rjning"},"content":{"rendered":"<p>Den r\u00e5dande bostadssituationen i G\u00f6teborg \u00e4r ett stort problem f\u00f6r f\u00f6retag som vill attrahera och beh\u00e5lla talanger, b\u00e5de fr\u00e5n Sverige och utlandet. I artikeln fr\u00e5n V\u00e4stsvenska Handelskammaren lyfts bostadsutmaningarna fram som ett allvarligt hinder f\u00f6r tillv\u00e4xt och kompetensf\u00f6rs\u00f6rjning.<\/p>\n<p>F\u00f6r oss p\u00e5 <strong>F\u00f6retagsbostadsbolagen<\/strong> \u00e4r detta en viktig fr\u00e5ga. V\u00e5ra kunder, f\u00f6retag som rekryterar kvalificerad arbetskraft, \u00e4r beroende av att kunna erbjuda tillf\u00e4lliga och flexibla boendel\u00f6sningar. F\u00f6retagsbost\u00e4der fyller ett viktigt tomrum p\u00e5 marknaden, d\u00e4r vanliga hyresr\u00e4tter inte alltid kan m\u00f6ta efterfr\u00e5gan p\u00e5 korttidsboenden med h\u00f6g serviceniv\u00e5.<\/p>\n<p>F\u00f6r att G\u00f6teborg och andra v\u00e4xande st\u00e4der ska forts\u00e4tta vara konkurrenskraftiga beh\u00f6ver bostadsmarknaden bli mer flexibel. Vi ser f\u00f6retagsbost\u00e4der som en del av l\u00f6sningen, s\u00e4rskilt n\u00e4r f\u00f6retagen k\u00e4mpar f\u00f6r att locka internationella talanger till regionen. Vi har idag allts\u00e5 en d\u00e5lig situation f\u00f6r kompetensf\u00f6rs\u00f6rjningen, men riskerar att f\u00e5 en katastrofal om inte lagstiftningen \u00e4ndras.<\/p>\n<p>L\u00e4s mer om G\u00f6teborgs bostadssituation h\u00e4r: https:\/\/www.vastsvenskahandelskammaren.se\/artiklar\/bostadssituationen-i-goteborg\/<\/p>\n<p>#Bostadskrisen #G\u00f6teborg #Kompetensf\u00f6rs\u00f6rjning #F\u00f6retagsbost\u00e4der #Tillv\u00e4xt #Hyresmarknad<\/p>\n","protected":false},"excerpt":{"rendered":"<p>Den r\u00e5dande bostadssituationen i G\u00f6teborg \u00e4r ett stort problem f\u00f6r f\u00f6retag som vill attrahera och beh\u00e5lla talanger, b\u00e5de fr\u00e5n Sverige [&hellip;]<\/p>\n","protected":false},"author":2,"featured_media":413,"comment_status":"open","ping_status":"open","sticky":false,"template":"","format":"standard","meta":{"_monsterinsights_skip_tracking":false,"_monsterinsights_sitenote_active":false,"_monsterinsights_sitenote_note":"","_monsterinsights_sitenote_category":0,"footnotes":""},"categories":[3],"tags":[],"class_list":["post-412","post","type-post","status-publish","format-standard","has-post-thumbnail","hentry","category-nyhet"],"_links":{"self":[{"href":"https:\/\/foretagsbostadsbolagen.se\/index.php?rest_route=\/wp\/v2\/posts\/412","targetHints":{"allow":["GET"]}}],"collection":[{"href":"https:\/\/foretagsbostadsbolagen.se\/index.php?rest_route=\/wp\/v2\/posts"}],"about":[{"href":"https:\/\/foretagsbostadsbolagen.se\/index.php?rest_route=\/wp\/v2\/types\/post"}],"author":[{"embeddable":true,"href":"https:\/\/foretagsbostadsbolagen.se\/index.php?rest_route=\/wp\/v2\/users\/2"}],"replies":[{"embeddable":true,"href":"https:\/\/foretagsbostadsbolagen.se\/index.php?rest_route=%2Fwp%2Fv2%2Fcomments&post=412"}],"version-history":[{"count":1,"href":"https:\/\/foretagsbostadsbolagen.se\/index.php?rest_route=\/wp\/v2\/posts\/412\/revisions"}],"predecessor-version":[{"id":414,"href":"https:\/\/foretagsbostadsbolagen.se\/index.php?rest_route=\/wp\/v2\/posts\/412\/revisions\/414"}],"wp:featuredmedia":[{"embeddable":true,"href":"https:\/\/foretagsbostadsbolagen.se\/index.php?rest_route=\/wp\/v2\/media\/413"}],"wp:attachment":[{"href":"https:\/\/foretagsbostadsbolagen.se\/index.php?rest_route=%2Fwp%2Fv2%2Fmedia&parent=412"}],"wp:term":[{"taxonomy":"category","embeddable":true,"href":"https:\/\/foretagsbostadsbolagen.se\/index.php?rest_route=%2Fwp%2Fv2%2Fcategories&post=412"},{"taxonomy":"post_tag","embeddable":true,"href":"https:\/\/foretagsbostadsbolagen.se\/index.php?rest_route=%2Fwp%2Fv2%2Ftags&post=412"}],"curies":[{"name":"wp","href":"https:\/\/api.w.org\/{rel}","templated":true}]}}