{"id":403,"date":"2024-09-24T07:17:02","date_gmt":"2024-09-24T07:17:02","guid":{"rendered":"https:\/\/foretagsbostadsbolagen.se\/?p=403"},"modified":"2024-09-24T07:22:24","modified_gmt":"2024-09-24T07:22:24","slug":"utredningen-om-att-underlatta-foretagsuthyrning-uppmarksammas","status":"publish","type":"post","link":"https:\/\/foretagsbostadsbolagen.se\/?p=403","title":{"rendered":"Utredningen om att underl\u00e4tta f\u00f6retagsuthyrning uppm\u00e4rksammas"},"content":{"rendered":"<p>Regeringen har nyligen f\u00f6reslagit att hyresv\u00e4rdar ska f\u00e5 r\u00e4tt att ta betalt f\u00f6r gemensamma ytor i hyresfastigheter samt att utreda hur uthyrning till f\u00f6retag kan underl\u00e4ttas. Detta kan f\u00e5 stor p\u00e5verkan p\u00e5 kompetensf\u00f6rs\u00f6rjningen, men ocks\u00e5 skapa nya m\u00f6jligheter f\u00f6r flexibilitet och service.<\/p>\n<p>F\u00f6r F\u00f6retagsbostadsbolagen, som hanterar korttidsboenden med h\u00f6g serviceniv\u00e5 f\u00f6r f\u00f6retag och deras anst\u00e4llda, kan detta inneb\u00e4ra att v\u00e5ra boenden blir \u00e4nnu mer anpassade till f\u00f6retagens behov av flexibla l\u00f6sningar.<\/p>\n<p>Vi f\u00f6ljer utvecklingen noga och ser fram emot att se hur detta kan st\u00f6tta v\u00e5r verksamhet och Sveriges kompetensf\u00f6rs\u00f6rjning.<\/p>\n<p>L\u00e4s mer om regeringens f\u00f6rslag h\u00e4r: https:\/\/www.tv4play.se\/klipp\/b97f3d66fb2b75c523be\/video-regeringen-vill-att-hyresvardar-ska-fa-betalt-for-gemensamma-ytor<br \/>\n<a class=\"app-aware-link \" href=\"https:\/\/www.linkedin.com\/feed\/hashtag\/?keywords=bostadspolitik&amp;highlightedUpdateUrns=urn%3Ali%3Aactivity%3A7243872567374102528\" data-test-app-aware-link=\"\"><span aria-hidden=\"true\">#<\/span>Bostadspolitik<\/a> <a class=\"app-aware-link \" href=\"https:\/\/www.linkedin.com\/feed\/hashtag\/?keywords=f%C3%B6retagsbost%C3%A4der&amp;highlightedUpdateUrns=urn%3Ali%3Aactivity%3A7243872567374102528\" data-test-app-aware-link=\"\"><span aria-hidden=\"true\">#<\/span>F\u00f6retagsbost\u00e4der<\/a> <a class=\"app-aware-link \" href=\"https:\/\/www.linkedin.com\/feed\/hashtag\/?keywords=hyresmarknad&amp;highlightedUpdateUrns=urn%3Ali%3Aactivity%3A7243872567374102528\" data-test-app-aware-link=\"\"><span aria-hidden=\"true\">#<\/span>Hyresmarknad<\/a> <a class=\"app-aware-link \" href=\"https:\/\/www.linkedin.com\/feed\/hashtag\/?keywords=kompetensf%C3%B6rs%C3%B6rjning&amp;highlightedUpdateUrns=urn%3Ali%3Aactivity%3A7243872567374102528\" data-test-app-aware-link=\"\"><span aria-hidden=\"true\">#<\/span>Kompetensf\u00f6rs\u00f6rjning<\/a><\/p>\n","protected":false},"excerpt":{"rendered":"<p>Regeringen har nyligen f\u00f6reslagit att hyresv\u00e4rdar ska f\u00e5 r\u00e4tt att ta betalt f\u00f6r gemensamma ytor i hyresfastigheter samt att utreda [&hellip;]<\/p>\n","protected":false},"author":2,"featured_media":409,"comment_status":"open","ping_status":"open","sticky":false,"template":"","format":"standard","meta":{"_monsterinsights_skip_tracking":false,"_monsterinsights_sitenote_active":false,"_monsterinsights_sitenote_note":"","_monsterinsights_sitenote_category":0,"footnotes":""},"categories":[3],"tags":[],"class_list":["post-403","post","type-post","status-publish","format-standard","has-post-thumbnail","hentry","category-nyhet"],"_links":{"self":[{"href":"https:\/\/foretagsbostadsbolagen.se\/index.php?rest_route=\/wp\/v2\/posts\/403","targetHints":{"allow":["GET"]}}],"collection":[{"href":"https:\/\/foretagsbostadsbolagen.se\/index.php?rest_route=\/wp\/v2\/posts"}],"about":[{"href":"https:\/\/foretagsbostadsbolagen.se\/index.php?rest_route=\/wp\/v2\/types\/post"}],"author":[{"embeddable":true,"href":"https:\/\/foretagsbostadsbolagen.se\/index.php?rest_route=\/wp\/v2\/users\/2"}],"replies":[{"embeddable":true,"href":"https:\/\/foretagsbostadsbolagen.se\/index.php?rest_route=%2Fwp%2Fv2%2Fcomments&post=403"}],"version-history":[{"count":3,"href":"https:\/\/foretagsbostadsbolagen.se\/index.php?rest_route=\/wp\/v2\/posts\/403\/revisions"}],"predecessor-version":[{"id":411,"href":"https:\/\/foretagsbostadsbolagen.se\/index.php?rest_route=\/wp\/v2\/posts\/403\/revisions\/411"}],"wp:featuredmedia":[{"embeddable":true,"href":"https:\/\/foretagsbostadsbolagen.se\/index.php?rest_route=\/wp\/v2\/media\/409"}],"wp:attachment":[{"href":"https:\/\/foretagsbostadsbolagen.se\/index.php?rest_route=%2Fwp%2Fv2%2Fmedia&parent=403"}],"wp:term":[{"taxonomy":"category","embeddable":true,"href":"https:\/\/foretagsbostadsbolagen.se\/index.php?rest_route=%2Fwp%2Fv2%2Fcategories&post=403"},{"taxonomy":"post_tag","embeddable":true,"href":"https:\/\/foretagsbostadsbolagen.se\/index.php?rest_route=%2Fwp%2Fv2%2Ftags&post=403"}],"curies":[{"name":"wp","href":"https:\/\/api.w.org\/{rel}","templated":true}]}}