{"id":401,"date":"2024-09-12T08:51:16","date_gmt":"2024-09-12T08:51:16","guid":{"rendered":"https:\/\/foretagsbostadsbolagen.se\/?p=401"},"modified":"2024-09-25T07:36:31","modified_gmt":"2024-09-25T07:36:31","slug":"fbb-intervjuas-om-regeringens-tillaggsdirektiv","status":"publish","type":"post","link":"https:\/\/foretagsbostadsbolagen.se\/?p=401","title":{"rendered":"FBB intervjuas om regeringens till\u00e4ggsdirektiv"},"content":{"rendered":"<p>Regeringen presenterade nyligen ett ut\u00f6kat uppdrag f\u00f6r en utredning att f\u00f6resl\u00e5 regel\u00e4ndringar f\u00f6r att underl\u00e4tta uthyrning av f\u00f6retagsbost\u00e4der. F\u00f6rslaget, som v\u00e4lkomnas av FBB, fick i veckan kritik av Per Bolunds tidigare statssekreterare Elin Olsson som ocks\u00e5 ledde utredningen B\u00e4ttre information om hyresbost\u00e4der \u2013 kartl\u00e4ggning av andrahandsmarknaden och ett f\u00f6rb\u00e4ttrat l\u00e4genhetsregister.<\/p>\n<p>Trots det allvarliga l\u00e4get p\u00e5 bostadsmarknaden d\u00e4r m\u00e5nga f\u00f6retag har f\u00e5tt allt sv\u00e5rare att rekrytera till f\u00f6ljd av sn\u00e5riga regelverk och l\u00e5g flexibilitet pekade Olsson p\u00e5 att\u00a0 Sverige riskerar att &#8221;bygga upp en ganska stor bostadssektor med v\u00e4ldigt h\u00f6ga hyror, som helt enkelt inte kan pr\u00f6vas p\u00e5 ett rimligt s\u00e4tt&#8221;.<\/p>\n<p>FBB delar inte Olssons bild och ordf\u00f6rande Niclas Bl\u00e5klinth utvecklar FBB:s inst\u00e4llning i en uppf\u00f6ljande artikel i Altinget.<\/p>\n<p>&#8211; Detta \u00e4r ett s\u00e4tt kunna beh\u00e5lla hyreslagstiftningen men g\u00f6ra n\u00f6dv\u00e4ndiga justeringar f\u00f6r att klara kompetensf\u00f6rs\u00f6rjningen.<\/p>\n<p>Niclas Bl\u00e5klinth h\u00e5ller heller inte med om att ett undantag f\u00f6r f\u00f6retagsl\u00e4genheter riskerar att driva upp hyror i \u00f6vriga best\u00e5ndet.<\/p>\n<p>&nbsp;<\/p>\n<p class=\"p1\">&#8211; Den skulle jag s\u00e4ga \u00e4r i princip obefintlig f\u00f6r detta \u00e4r tv\u00e5 helt olika delar av marknaden. Det vi vill ha \u00e4r v\u00e4ldigt tydligt avgr\u00e4nsat att det ska g\u00e4lla f\u00f6retag och deras anst\u00e4llda och att det ska g\u00e4lla f\u00f6r en begr\u00e4nsad period, s\u00e5 vi ser inte det \u00f6verhuvud taget.<\/p>\n<p>Artikeln med Niclas Bl\u00e5klinth finns att l\u00e4sa i sin helhet p\u00e5 <a href=\"https:\/\/www.altinget.se\/bo\/artikel\/foretagsbostadsbolagen-absolut-ingen-kassako\">Altinget.se<\/a>.<\/p>\n","protected":false},"excerpt":{"rendered":"<p>Regeringen presenterade nyligen ett ut\u00f6kat uppdrag f\u00f6r en utredning att f\u00f6resl\u00e5 regel\u00e4ndringar f\u00f6r att underl\u00e4tta uthyrning av f\u00f6retagsbost\u00e4der. F\u00f6rslaget, som [&hellip;]<\/p>\n","protected":false},"author":2,"featured_media":417,"comment_status":"open","ping_status":"open","sticky":false,"template":"","format":"standard","meta":{"_monsterinsights_skip_tracking":false,"_monsterinsights_sitenote_active":false,"_monsterinsights_sitenote_note":"","_monsterinsights_sitenote_category":0,"footnotes":""},"categories":[3],"tags":[],"class_list":["post-401","post","type-post","status-publish","format-standard","has-post-thumbnail","hentry","category-nyhet"],"_links":{"self":[{"href":"https:\/\/foretagsbostadsbolagen.se\/index.php?rest_route=\/wp\/v2\/posts\/401","targetHints":{"allow":["GET"]}}],"collection":[{"href":"https:\/\/foretagsbostadsbolagen.se\/index.php?rest_route=\/wp\/v2\/posts"}],"about":[{"href":"https:\/\/foretagsbostadsbolagen.se\/index.php?rest_route=\/wp\/v2\/types\/post"}],"author":[{"embeddable":true,"href":"https:\/\/foretagsbostadsbolagen.se\/index.php?rest_route=\/wp\/v2\/users\/2"}],"replies":[{"embeddable":true,"href":"https:\/\/foretagsbostadsbolagen.se\/index.php?rest_route=%2Fwp%2Fv2%2Fcomments&post=401"}],"version-history":[{"count":2,"href":"https:\/\/foretagsbostadsbolagen.se\/index.php?rest_route=\/wp\/v2\/posts\/401\/revisions"}],"predecessor-version":[{"id":416,"href":"https:\/\/foretagsbostadsbolagen.se\/index.php?rest_route=\/wp\/v2\/posts\/401\/revisions\/416"}],"wp:featuredmedia":[{"embeddable":true,"href":"https:\/\/foretagsbostadsbolagen.se\/index.php?rest_route=\/wp\/v2\/media\/417"}],"wp:attachment":[{"href":"https:\/\/foretagsbostadsbolagen.se\/index.php?rest_route=%2Fwp%2Fv2%2Fmedia&parent=401"}],"wp:term":[{"taxonomy":"category","embeddable":true,"href":"https:\/\/foretagsbostadsbolagen.se\/index.php?rest_route=%2Fwp%2Fv2%2Fcategories&post=401"},{"taxonomy":"post_tag","embeddable":true,"href":"https:\/\/foretagsbostadsbolagen.se\/index.php?rest_route=%2Fwp%2Fv2%2Ftags&post=401"}],"curies":[{"name":"wp","href":"https:\/\/api.w.org\/{rel}","templated":true}]}}