{"id":397,"date":"2024-09-05T08:27:55","date_gmt":"2024-09-05T08:27:55","guid":{"rendered":"https:\/\/foretagsbostadsbolagen.se\/?p=397"},"modified":"2024-09-12T08:52:13","modified_gmt":"2024-09-12T08:52:13","slug":"regeringen-tillsatter-utredning-for-att-underlatta-for-foretagslagenheter","status":"publish","type":"post","link":"https:\/\/foretagsbostadsbolagen.se\/?p=397","title":{"rendered":"Regeringen tills\u00e4tter utredning f\u00f6r att underl\u00e4tta f\u00f6r f\u00f6retagsl\u00e4genheter"},"content":{"rendered":"<p>Regeringen meddelade nyligen att <a href=\"https:\/\/regeringen.se\/pressmeddelanden\/2024\/09\/andrade-regler-for-en-mer-flexibel-bostadsmarknad\/\">utredningen om enklare privatuthyrning och \u00e4ndring av presumtionshyror f\u00e5r ett till\u00e4ggsdirektiv<\/a> att\u00a0bland annat f\u00f6resl\u00e5 hur de hyresr\u00e4ttsliga reglerna kan \u00e4ndras f\u00f6r att underl\u00e4tta uthyrning av f\u00f6retagsbost\u00e4der. Syftet med utredningen \u00e4r enligt regeringen att underl\u00e4tta f\u00f6r f\u00f6retag att rekrytera personal och att g\u00f6ra det l\u00e4ttare f\u00f6r enskilda att flytta dit det finns arbeten.<\/p>\n<p>Justitieminister Gunnar Str\u00f6mmer kommenterade det ut\u00f6kade uppdraget.<\/p>\n<p>&#8211; F\u00f6r att underl\u00e4tta f\u00f6r f\u00f6retag att rekrytera personal med r\u00e4tt kompetens finns det ett behov av att kunna erbjuda tillf\u00e4lliga och flexibla bostadsl\u00f6sningar. Det \u00e4r viktigt f\u00f6r svensk arbetsmarknad och svenska f\u00f6retags konkurrenskraft.<\/p>\n<p>Beslutet att ut\u00f6ka utredningens uppdrag tas emot med stor gl\u00e4dje hos FBB.<\/p>\n<p>&#8211; Det h\u00e4r \u00e4r ett mycket v\u00e4lkommet beslut fr\u00e5n regeringens sida. Sedan r\u00e4ttsl\u00e4get f\u00f6r\u00e4ndrades mot slutet av 2022 har det varit mycket sv\u00e5rt f\u00f6r oss att verka. I slut\u00e4ndan \u00e4r det Sverige som f\u00f6rlorar p\u00e5 detta eftersom m\u00e5nga f\u00f6retag \u00e4r i stort behov av v\u00e5ra tj\u00e4nster f\u00f6r att kunna rekrytera specialistkompetens, b\u00e5de inom landet och fr\u00e5n utlandet, s\u00e4ger FBB:s ordf\u00f6rande Niclas Bl\u00e5klinth.<\/p>\n<p>I samband med till\u00e4ggsdirektivet f\u00e5r utredningen f\u00f6rl\u00e4ngd tid. Uppdraget ska nu slutredovisas den 2 maj 2025 och FBB har siktet inst\u00e4llt p\u00e5 att bidra konstruktivt till utredningen.<\/p>\n<p>&#8211; Vi kommer inom kort att tr\u00e4ffa utredningen f\u00f6r att ge v\u00e5r bild av branschen och v\u00e5ra kunders behov. Vi ser ocks\u00e5 fram emot att diskutera m\u00f6jliga v\u00e4gar fram\u00e5t och tillsammans med utredningen arbeta f\u00f6r att f\u00f6retagsl\u00e4genheter ska f\u00e5 ett specifikt undantag i lagstiftningen.<\/p>\n","protected":false},"excerpt":{"rendered":"<p>Regeringen meddelade nyligen att utredningen om enklare privatuthyrning och \u00e4ndring av presumtionshyror f\u00e5r ett till\u00e4ggsdirektiv att\u00a0bland annat f\u00f6resl\u00e5 hur de [&hellip;]<\/p>\n","protected":false},"author":2,"featured_media":400,"comment_status":"open","ping_status":"open","sticky":false,"template":"","format":"standard","meta":{"_monsterinsights_skip_tracking":false,"_monsterinsights_sitenote_active":false,"_monsterinsights_sitenote_note":"","_monsterinsights_sitenote_category":0,"footnotes":""},"categories":[3],"tags":[],"class_list":["post-397","post","type-post","status-publish","format-standard","has-post-thumbnail","hentry","category-nyhet"],"_links":{"self":[{"href":"https:\/\/foretagsbostadsbolagen.se\/index.php?rest_route=\/wp\/v2\/posts\/397","targetHints":{"allow":["GET"]}}],"collection":[{"href":"https:\/\/foretagsbostadsbolagen.se\/index.php?rest_route=\/wp\/v2\/posts"}],"about":[{"href":"https:\/\/foretagsbostadsbolagen.se\/index.php?rest_route=\/wp\/v2\/types\/post"}],"author":[{"embeddable":true,"href":"https:\/\/foretagsbostadsbolagen.se\/index.php?rest_route=\/wp\/v2\/users\/2"}],"replies":[{"embeddable":true,"href":"https:\/\/foretagsbostadsbolagen.se\/index.php?rest_route=%2Fwp%2Fv2%2Fcomments&post=397"}],"version-history":[{"count":1,"href":"https:\/\/foretagsbostadsbolagen.se\/index.php?rest_route=\/wp\/v2\/posts\/397\/revisions"}],"predecessor-version":[{"id":399,"href":"https:\/\/foretagsbostadsbolagen.se\/index.php?rest_route=\/wp\/v2\/posts\/397\/revisions\/399"}],"wp:featuredmedia":[{"embeddable":true,"href":"https:\/\/foretagsbostadsbolagen.se\/index.php?rest_route=\/wp\/v2\/media\/400"}],"wp:attachment":[{"href":"https:\/\/foretagsbostadsbolagen.se\/index.php?rest_route=%2Fwp%2Fv2%2Fmedia&parent=397"}],"wp:term":[{"taxonomy":"category","embeddable":true,"href":"https:\/\/foretagsbostadsbolagen.se\/index.php?rest_route=%2Fwp%2Fv2%2Fcategories&post=397"},{"taxonomy":"post_tag","embeddable":true,"href":"https:\/\/foretagsbostadsbolagen.se\/index.php?rest_route=%2Fwp%2Fv2%2Ftags&post=397"}],"curies":[{"name":"wp","href":"https:\/\/api.w.org\/{rel}","templated":true}]}}