{"id":381,"date":"2024-06-26T09:45:55","date_gmt":"2024-06-26T09:45:55","guid":{"rendered":"https:\/\/foretagsbostadsbolagen.se\/?p=381"},"modified":"2024-06-26T10:49:14","modified_gmt":"2024-06-26T10:49:14","slug":"bostadsbristen-hotar-sveriges-konkurrenskraft-ny-losning-kan-bli-avgorande","status":"publish","type":"post","link":"https:\/\/foretagsbostadsbolagen.se\/?p=381","title":{"rendered":"Bostadsbristen hotar Sveriges konkurrenskraft: Ny l\u00f6sning kan bli avg\u00f6rande"},"content":{"rendered":"<p><strong>P\u00e5 onsdagen anordnade F\u00f6retagsbostadsbolagen Almedalsseminariet \u201dF\u00f6retagsl\u00e4genheter &#8211; en central ventil f\u00f6r f\u00f6retags rekryteringsm\u00f6jligheter\u201d. Under seminariet diskuterades Sveriges akuta bostadsutmaningar och dess p\u00e5verkan p\u00e5 landets konkurrenskraft. Flera talare fr\u00e5n b\u00e5de n\u00e4ringslivet och politiken betonade behovet av att hitta nya l\u00f6sningar f\u00f6r att m\u00f6ta den v\u00e4xande efterfr\u00e5gan p\u00e5 bost\u00e4der, s\u00e4rskilt f\u00f6r internationell arbetskraft.<\/strong><\/p>\n<p>F\u00f6retagsbostadsbolagen inledde diskussionen med att understryka det stora behovet av f\u00f6retagsl\u00e4genheter som finns fr\u00e5n n\u00e4ringslivets h\u00e5ll. FBB betonade ocks\u00e5 det den akuta situation som uppst\u00e5tt till f\u00f6ljd av HD-domen som i praktiken om\u00f6jligg\u00f6r f\u00f6r gruppens medlemsf\u00f6retag att verka.<\/p>\n<p>&#8211; Trots att r\u00e4ttsl\u00e4get f\u00f6r\u00e4ndrats kraftigt sedan HD-domen ser vi en fortsatt h\u00f6g efterfr\u00e5gan p\u00e5 v\u00e5ra tj\u00e4nster. M\u00e5nga f\u00f6retag beskriver stora sv\u00e5righeter att klara av att rekrytera spetskompetens om de inte samtidigt kan erbjuda en paketl\u00f6sning d\u00e4r bostaden utg\u00f6r en viktig del i det paketet, sa Niclas Bl\u00e5klinth, vd p\u00e5 Be Resident.<\/p>\n<p><strong><em>\u201dDetta \u00e4r viktigt p\u00e5 riktigt\u201d<\/em><\/strong><\/p>\n<p>Diskussionen fortsatte med f\u00f6retr\u00e4dare fr\u00e5n n\u00e4ringslivet.<\/p>\n<p>Joakim Bourelius, n\u00e4ringspolitisk chef p\u00e5 Innovationsf\u00f6retagen understr\u00f6k behovet av att rekrytera talanger utanf\u00f6r Sverige f\u00f6r att bibeh\u00e5lla den svenska konkurrenskraften.<\/p>\n<p>&#8211; Till skillnad fr\u00e5n andra l\u00e4nder har Sverige saknat en ventil f\u00f6r att attrahera specialistkompetens. Nu n\u00e4r vi f\u00e5tt en s\u00e5dan ventil p\u00e5 plats beh\u00f6ver dessa m\u00e4nniskor n\u00e5gonstans att bo. Detta \u00e4r n\u00e4sta stora utmaning f\u00f6r att attrahera och beh\u00e5lla kompetens. Klarar vi inte detta st\u00e5r vi inf\u00f6r en katastrof d\u00e4r investeringar flyttar till andra l\u00e4nder. Detta \u00e4r viktigt p\u00e5 riktigt, sa Bourelius.<\/p>\n<p>Lennart Weiss, kommersiell direkt\u00f6r p\u00e5 Veidekke, uttryckte sin oro \u00f6ver att bostadsmarknaden inte fungerar som en naturlig del av arbetsmarknaden.<\/p>\n<p>&#8211; I Sverige \u00e4r det \u00e4gda bost\u00e4der som \u00e4r tillg\u00e4ngliga, men hyresmarknaden \u00e4r st\u00e4ngd. Detta \u00e4r unikt f\u00f6r Sverige j\u00e4mf\u00f6rt med andra l\u00e4nder. F\u00f6retagsl\u00e4genheter fyller d\u00e4rf\u00f6r ett extremt viktigt behov och vi m\u00e5ste antingen skapa en permanent ventil eller omreglera marknaden, sa Weiss och po\u00e4ngterade att marknaden skulle bli billigare med en omreglering.<\/p>\n<p>Fredrik Kopsch, chefsekonom p\u00e5 Timbro, pekade p\u00e5 de systemfel som pr\u00e4glar den svenska hyresmarknaden.<\/p>\n<p>&#8211; Dagens system tvingar egentligen alla att f\u00f6rs\u00f6ka kringg\u00e5 systemet. Dagens k\u00f6tider \u00e4r or\u00e4ttvisa och drabbar framf\u00f6r allt yngre personer. I andra l\u00e4nder \u00e4r bostadsmarknaden betydligt mer flexibel och i Finland kan du f\u00e5 en l\u00e4genhet p\u00e5 10 minuter, medan det i Sverige kan ta flera m\u00e5nader, sa Kopsch.<\/p>\n<p><strong><em>St\u00f6rre reformer f\u00e5r inte hindra n\u00f6dv\u00e4ndiga \u00e5tg\u00e4rder<\/em><\/strong><\/p>\n<p>Seminariet avslutades med en diskussion mellan Mikael Eskilandersson (SD), vice ordf\u00f6rande i civilutskottet och David Josefsson (M), kommitt\u00e9ordf\u00f6rande f\u00f6r Moderaterna i civilutskottet. B\u00e5da betonade behovet av reformer p\u00e5 hyresmarknaden, och \u00e4ven om deras f\u00f6rslag p\u00e5 l\u00f6sningar skilde sig n\u00e5got var b\u00e5da \u00f6verens om att lagstiftningen f\u00f6r att m\u00f6jligg\u00f6ra f\u00f6retagsbost\u00e4der beh\u00f6ver justeras f\u00f6r att m\u00f6ta behoven p\u00e5 arbetsmarknaden.<\/p>\n<p>Den grundl\u00e4ggande inst\u00e4llningen fr\u00e5n Moderaterna \u00e4r att hyresregleringen beh\u00f6ver ses \u00f6ver, men Josefsson p\u00e5pekade att det inte f\u00e5r bli en prestigefr\u00e5ga som h\u00e5ller tillbaka andra mindre f\u00f6r\u00e4ndringar.<\/p>\n<p>&#8211; St\u00f6rre reformer f\u00e5r inte hindra n\u00f6dv\u00e4ndiga \u00e5tg\u00e4rder. Ventiler och l\u00f6sningar likt den som FBB f\u00f6reslagit beh\u00f6vs f\u00f6r att attrahera och beh\u00e5lla internationell kompetens, sa han.<\/p>\n<p>Seminariet avslutades med en enighet om att bostadsproblematiken \u00e4r kritisk f\u00f6r Sveriges framtida konkurrenskraft. Utan en fungerande bostadsmarknad riskerar Sverige att f\u00f6rlora investeringar och talanger till andra l\u00e4nder.<\/p>\n","protected":false},"excerpt":{"rendered":"<p>P\u00e5 onsdagen anordnade F\u00f6retagsbostadsbolagen Almedalsseminariet \u201dF\u00f6retagsl\u00e4genheter &#8211; en central ventil f\u00f6r f\u00f6retags rekryteringsm\u00f6jligheter\u201d. Under seminariet diskuterades Sveriges akuta bostadsutmaningar och [&hellip;]<\/p>\n","protected":false},"author":2,"featured_media":385,"comment_status":"open","ping_status":"open","sticky":false,"template":"","format":"standard","meta":{"_monsterinsights_skip_tracking":false,"_monsterinsights_sitenote_active":false,"_monsterinsights_sitenote_note":"","_monsterinsights_sitenote_category":0,"footnotes":""},"categories":[3],"tags":[],"class_list":["post-381","post","type-post","status-publish","format-standard","has-post-thumbnail","hentry","category-nyhet"],"_links":{"self":[{"href":"https:\/\/foretagsbostadsbolagen.se\/index.php?rest_route=\/wp\/v2\/posts\/381","targetHints":{"allow":["GET"]}}],"collection":[{"href":"https:\/\/foretagsbostadsbolagen.se\/index.php?rest_route=\/wp\/v2\/posts"}],"about":[{"href":"https:\/\/foretagsbostadsbolagen.se\/index.php?rest_route=\/wp\/v2\/types\/post"}],"author":[{"embeddable":true,"href":"https:\/\/foretagsbostadsbolagen.se\/index.php?rest_route=\/wp\/v2\/users\/2"}],"replies":[{"embeddable":true,"href":"https:\/\/foretagsbostadsbolagen.se\/index.php?rest_route=%2Fwp%2Fv2%2Fcomments&post=381"}],"version-history":[{"count":1,"href":"https:\/\/foretagsbostadsbolagen.se\/index.php?rest_route=\/wp\/v2\/posts\/381\/revisions"}],"predecessor-version":[{"id":383,"href":"https:\/\/foretagsbostadsbolagen.se\/index.php?rest_route=\/wp\/v2\/posts\/381\/revisions\/383"}],"wp:featuredmedia":[{"embeddable":true,"href":"https:\/\/foretagsbostadsbolagen.se\/index.php?rest_route=\/wp\/v2\/media\/385"}],"wp:attachment":[{"href":"https:\/\/foretagsbostadsbolagen.se\/index.php?rest_route=%2Fwp%2Fv2%2Fmedia&parent=381"}],"wp:term":[{"taxonomy":"category","embeddable":true,"href":"https:\/\/foretagsbostadsbolagen.se\/index.php?rest_route=%2Fwp%2Fv2%2Fcategories&post=381"},{"taxonomy":"post_tag","embeddable":true,"href":"https:\/\/foretagsbostadsbolagen.se\/index.php?rest_route=%2Fwp%2Fv2%2Ftags&post=381"}],"curies":[{"name":"wp","href":"https:\/\/api.w.org\/{rel}","templated":true}]}}