{"id":378,"date":"2024-06-19T10:10:07","date_gmt":"2024-06-19T10:10:07","guid":{"rendered":"https:\/\/foretagsbostadsbolagen.se\/?p=378"},"modified":"2024-06-19T10:10:37","modified_gmt":"2024-06-19T10:10:37","slug":"valkommen-pa-fbbs-seminarium-i-almedalen","status":"publish","type":"post","link":"https:\/\/foretagsbostadsbolagen.se\/?p=378","title":{"rendered":"V\u00e4lkommen p\u00e5 FBB:s seminarium i Almedalen"},"content":{"rendered":"<p>Med bara en knapp vecka kvar till en sp\u00e4nnande Almedalsvecka \u00f6nskar vi v\u00e4lkomna er till FBB:s seminarium i Almedalen!<\/p>\n<p>P\u00e5 onsdagen den 26 juni anordnar vi ett seminarium om l\u00e4get p\u00e5 bostadsmarknaden.<\/p>\n<p>H\u00f6r Fredrik Kopsch, chefsekonom, Timbro, Joakim Bourelius, n\u00e4ringspolitisk chef, Innovationsf\u00f6retagen och Lennart Weiss, kommersiell direkt\u00f6r, Veidekke Sverige diskutera f\u00f6ruts\u00e4ttningarna p\u00e5 bostadsmarknaden och kompetenstunga f\u00f6retags behov av tj\u00e4nsten.<\/p>\n<p>Seminariet avslutas med en diskussion med David Josefsson, Riksdagsledamot, Moderaterna och Mikael Eskilandersson, Riksdagsledamot, Sverigedemokraterna om vad politiken planerar fram\u00e5t.<\/p>\n<p class=\"PC-brdtext\"><b>Tid och plats: 26 juni 09.30-10.30, B-huset, Uppsala universitet, Huvudentr\u00e9 Cram\u00e9rgatan 3, &#8221;B15&#8221;.<\/b><\/p>\n<p>Mer information om seminariet hittar ni h\u00e4r: https:\/\/www.almedalsveckan.info\/program\/70733<\/p>\n<p>Varmt v\u00e4lkomna! \/Team FBB<\/p>\n","protected":false},"excerpt":{"rendered":"<p>Med bara en knapp vecka kvar till en sp\u00e4nnande Almedalsvecka \u00f6nskar vi v\u00e4lkomna er till FBB:s seminarium i Almedalen! P\u00e5 [&hellip;]<\/p>\n","protected":false},"author":2,"featured_media":379,"comment_status":"open","ping_status":"open","sticky":false,"template":"","format":"standard","meta":{"_monsterinsights_skip_tracking":false,"_monsterinsights_sitenote_active":false,"_monsterinsights_sitenote_note":"","_monsterinsights_sitenote_category":0,"footnotes":""},"categories":[3],"tags":[],"class_list":["post-378","post","type-post","status-publish","format-standard","has-post-thumbnail","hentry","category-nyhet"],"_links":{"self":[{"href":"https:\/\/foretagsbostadsbolagen.se\/index.php?rest_route=\/wp\/v2\/posts\/378","targetHints":{"allow":["GET"]}}],"collection":[{"href":"https:\/\/foretagsbostadsbolagen.se\/index.php?rest_route=\/wp\/v2\/posts"}],"about":[{"href":"https:\/\/foretagsbostadsbolagen.se\/index.php?rest_route=\/wp\/v2\/types\/post"}],"author":[{"embeddable":true,"href":"https:\/\/foretagsbostadsbolagen.se\/index.php?rest_route=\/wp\/v2\/users\/2"}],"replies":[{"embeddable":true,"href":"https:\/\/foretagsbostadsbolagen.se\/index.php?rest_route=%2Fwp%2Fv2%2Fcomments&post=378"}],"version-history":[{"count":1,"href":"https:\/\/foretagsbostadsbolagen.se\/index.php?rest_route=\/wp\/v2\/posts\/378\/revisions"}],"predecessor-version":[{"id":380,"href":"https:\/\/foretagsbostadsbolagen.se\/index.php?rest_route=\/wp\/v2\/posts\/378\/revisions\/380"}],"wp:featuredmedia":[{"embeddable":true,"href":"https:\/\/foretagsbostadsbolagen.se\/index.php?rest_route=\/wp\/v2\/media\/379"}],"wp:attachment":[{"href":"https:\/\/foretagsbostadsbolagen.se\/index.php?rest_route=%2Fwp%2Fv2%2Fmedia&parent=378"}],"wp:term":[{"taxonomy":"category","embeddable":true,"href":"https:\/\/foretagsbostadsbolagen.se\/index.php?rest_route=%2Fwp%2Fv2%2Fcategories&post=378"},{"taxonomy":"post_tag","embeddable":true,"href":"https:\/\/foretagsbostadsbolagen.se\/index.php?rest_route=%2Fwp%2Fv2%2Ftags&post=378"}],"curies":[{"name":"wp","href":"https:\/\/api.w.org\/{rel}","templated":true}]}}