{"id":376,"date":"2024-05-08T11:11:51","date_gmt":"2024-05-08T11:11:51","guid":{"rendered":"https:\/\/foretagsbostadsbolagen.se\/?p=376"},"modified":"2024-05-08T11:13:22","modified_gmt":"2024-05-08T11:13:22","slug":"kompetensforsorjningen-kraver-fungerande-bostadsmarknad","status":"publish","type":"post","link":"https:\/\/foretagsbostadsbolagen.se\/?p=376","title":{"rendered":"Kompetensf\u00f6rs\u00f6rjningen kr\u00e4ver fungerande bostadsmarknad"},"content":{"rendered":"<p>F\u00f6retag och offentliga verksamheter k\u00e4mpar med att rekrytera r\u00e4tt kompetens till r\u00e4tt plats, och l\u00f6sningar beh\u00f6vs. I en <a href=\"https:\/\/tidningen.nu\/debatt-kompetensforsorjningen-kraver-fungerande-bostadsmarknad\/\">debattartikel det liberala nyhetsmagasinet NU<\/a> v\u00e4djar vi som representanter f\u00f6r F\u00f6retagsbostadsbolagen (FBB) till Liberalerna och arbetsmarknadsminister Johan Pehrson att agera.<\/p>\n<p>Svenska f\u00f6retag, i synnerhet i och n\u00e4ra st\u00f6rre st\u00e4der, lider av brist p\u00e5 r\u00e4tt kompetens. En viktig faktor \u00e4r bostadsmarknadens p\u00e5verkan, d\u00e4r tillg\u00e5ng till bost\u00e4der blir avg\u00f6rande f\u00f6r att attrahera n\u00f6dv\u00e4ndig kompetens och m\u00f6jligg\u00f6ra f\u00f6retagstillv\u00e4xt. Passivitet fr\u00e5n regeringens sida riskerar att f\u00f6rsv\u00e5ra f\u00f6retagens m\u00f6jligheter att tillhandah\u00e5lla n\u00f6dv\u00e4ndiga bost\u00e4der f\u00f6r sin personal, vilket i sin tur kan p\u00e5verka svensk konkurrenskraft negativt.<\/p>\n<p>En balans mellan behovet av seri\u00f6s f\u00f6retagsuthyrning och skyddet f\u00f6r hyresg\u00e4sterna beh\u00f6ver uppr\u00e4tth\u00e5llas. Det \u00e4r avg\u00f6rande att lagstiftningen anpassas f\u00f6r att m\u00f6jligg\u00f6ra fortsatt tillg\u00e5ng till personalbost\u00e4der och d\u00e4rigenom s\u00e4kerst\u00e4lla svenskt n\u00e4ringslivs konkurrenskraft. Bostadsmarknaden m\u00e5ste helt enkelt bli b\u00e4ttre anpassad utifr\u00e5n den f\u00f6r\u00e4ndrade arbetsmarknaden.<\/p>\n","protected":false},"excerpt":{"rendered":"<p>F\u00f6retag och offentliga verksamheter k\u00e4mpar med att rekrytera r\u00e4tt kompetens till r\u00e4tt plats, och l\u00f6sningar beh\u00f6vs. I en debattartikel det [&hellip;]<\/p>\n","protected":false},"author":2,"featured_media":52,"comment_status":"open","ping_status":"open","sticky":false,"template":"","format":"standard","meta":{"_monsterinsights_skip_tracking":false,"_monsterinsights_sitenote_active":false,"_monsterinsights_sitenote_note":"","_monsterinsights_sitenote_category":0,"footnotes":""},"categories":[3],"tags":[],"class_list":["post-376","post","type-post","status-publish","format-standard","has-post-thumbnail","hentry","category-nyhet"],"_links":{"self":[{"href":"https:\/\/foretagsbostadsbolagen.se\/index.php?rest_route=\/wp\/v2\/posts\/376","targetHints":{"allow":["GET"]}}],"collection":[{"href":"https:\/\/foretagsbostadsbolagen.se\/index.php?rest_route=\/wp\/v2\/posts"}],"about":[{"href":"https:\/\/foretagsbostadsbolagen.se\/index.php?rest_route=\/wp\/v2\/types\/post"}],"author":[{"embeddable":true,"href":"https:\/\/foretagsbostadsbolagen.se\/index.php?rest_route=\/wp\/v2\/users\/2"}],"replies":[{"embeddable":true,"href":"https:\/\/foretagsbostadsbolagen.se\/index.php?rest_route=%2Fwp%2Fv2%2Fcomments&post=376"}],"version-history":[{"count":1,"href":"https:\/\/foretagsbostadsbolagen.se\/index.php?rest_route=\/wp\/v2\/posts\/376\/revisions"}],"predecessor-version":[{"id":377,"href":"https:\/\/foretagsbostadsbolagen.se\/index.php?rest_route=\/wp\/v2\/posts\/376\/revisions\/377"}],"wp:featuredmedia":[{"embeddable":true,"href":"https:\/\/foretagsbostadsbolagen.se\/index.php?rest_route=\/wp\/v2\/media\/52"}],"wp:attachment":[{"href":"https:\/\/foretagsbostadsbolagen.se\/index.php?rest_route=%2Fwp%2Fv2%2Fmedia&parent=376"}],"wp:term":[{"taxonomy":"category","embeddable":true,"href":"https:\/\/foretagsbostadsbolagen.se\/index.php?rest_route=%2Fwp%2Fv2%2Fcategories&post=376"},{"taxonomy":"post_tag","embeddable":true,"href":"https:\/\/foretagsbostadsbolagen.se\/index.php?rest_route=%2Fwp%2Fv2%2Ftags&post=376"}],"curies":[{"name":"wp","href":"https:\/\/api.w.org\/{rel}","templated":true}]}}