{"id":373,"date":"2024-03-13T09:53:38","date_gmt":"2024-03-13T09:53:38","guid":{"rendered":"https:\/\/foretagsbostadsbolagen.se\/?p=373"},"modified":"2024-03-13T09:53:38","modified_gmt":"2024-03-13T09:53:38","slug":"foretagsbostader-uppmarksammas-i-riksdagen","status":"publish","type":"post","link":"https:\/\/foretagsbostadsbolagen.se\/?p=373","title":{"rendered":"F\u00f6retagsbost\u00e4der uppm\u00e4rksammas i riksdagen"},"content":{"rendered":"<p class=\"PC-brdtext\">Kompetensf\u00f6rs\u00f6rjningen och matchningsproblematiken p\u00e5 svensk arbetsmarknad har under en l\u00e4ngre tid varit ett uppm\u00e4rksammat problem. Den dysfunktionella bostadsmarknaden och bostadsbristen inneburit stora sv\u00e5righeter f\u00f6r f\u00f6retag att anst\u00e4lla specialistkompetens eftersom m\u00e5nga f\u00f6retag \u00e4r i behov av inflyttad arbetskraft, b\u00e5de inom Sverige och fr\u00e5n utlandet.<\/p>\n<p class=\"PC-brdtext\">M\u00f6jligheten f\u00f6r f\u00f6retag att kunna erbjuda anst\u00e4llda ett boende har m\u00e5nga g\u00e5nger varit avg\u00f6rande f\u00f6r att kunna knyta till sig nyckelmedarbetare f\u00f6r att st\u00e4rka f\u00f6retagens konkurrenskraft. F\u00f6retagsbost\u00e4der har i det sammanhanget utgjort en viktig ventil f\u00f6r f\u00f6retagen, som dessv\u00e4rre \u00e4r hotad till f\u00f6ljd av det f\u00f6r\u00e4ndrade r\u00e4ttsl\u00e4get i och med en dom fr\u00e5n H\u00f6gsta domstolen fr\u00e5n december 2022.<\/p>\n<p class=\"PC-brdtext\">Nu har boendeformen uppm\u00e4rksammats i riksdagen. I <a href=\"https:\/\/www.riksdagen.se\/sv\/dokument-och-lagar\/dokument\/skriftlig-fraga\/bostader-for-specialkompetens-for-att-mota_hb11727\/\">en skriftlig fr\u00e5ga till justitieministern<\/a> har civilutskottets vice ordf\u00f6rande Mikael Eskilandersson (SD) p\u00e5talat vikten av f\u00f6r\u00e4ndrad lagstiftning f\u00f6r att f\u00f6retag \u00e4ven i framtiden ska kunna erbjudas den m\u00f6jlighet som f\u00f6retagsbost\u00e4der inneb\u00e4r.<\/p>\n<p class=\"PC-brdtext\">Precis som FBB menar Eskilandersson att det beh\u00f6vs \u201dett undantag i lagen d\u00e4r hyresg\u00e4stens besittningsr\u00e4tt begr\u00e4nsas n\u00e4r det g\u00e4ller f\u00f6retagsbost\u00e4der\u201d.<\/p>\n<p class=\"PC-brdtext\">Vi delar ocks\u00e5 bed\u00f6mningen att effekterna om m\u00f6jligheterna till uthyrning av f\u00f6retagsbost\u00e4der f\u00f6rsvinner skulle kunna bli allvarliga i form av f\u00f6rs\u00e4mrade m\u00f6jligheter till matchning p\u00e5 arbetsmarknaden, f\u00f6retag som tvingas f\u00f6rl\u00e4gga sin verksamhet i andra l\u00e4nder och uteblivna investeringar i Sverige \u2013 vilket vi p\u00e5talat f\u00f6r regeringen vid flertalet tillf\u00e4llen i b\u00e5de m\u00f6ten och skrivelser.<\/p>\n<p class=\"PC-brdtext\">Det \u00e4r br\u00e5dskande att en utredning tills\u00e4tts som f\u00e5r i uppdrag att se \u00f6ver hur denna problematik ska \u00e5tg\u00e4rdas och hur ett undantag f\u00f6r f\u00f6retagsbost\u00e4der ska utformas. Vi ser fram emot justitieministerns svar och hoppas att \u00e4ven regeringen ser behov av att \u00e5tg\u00e4rda problemet.<\/p>\n","protected":false},"excerpt":{"rendered":"<p>Kompetensf\u00f6rs\u00f6rjningen och matchningsproblematiken p\u00e5 svensk arbetsmarknad har under en l\u00e4ngre tid varit ett uppm\u00e4rksammat problem. Den dysfunktionella bostadsmarknaden och bostadsbristen [&hellip;]<\/p>\n","protected":false},"author":2,"featured_media":153,"comment_status":"open","ping_status":"open","sticky":false,"template":"","format":"standard","meta":{"_monsterinsights_skip_tracking":false,"_monsterinsights_sitenote_active":false,"_monsterinsights_sitenote_note":"","_monsterinsights_sitenote_category":0,"footnotes":""},"categories":[3],"tags":[],"class_list":["post-373","post","type-post","status-publish","format-standard","has-post-thumbnail","hentry","category-nyhet"],"_links":{"self":[{"href":"https:\/\/foretagsbostadsbolagen.se\/index.php?rest_route=\/wp\/v2\/posts\/373","targetHints":{"allow":["GET"]}}],"collection":[{"href":"https:\/\/foretagsbostadsbolagen.se\/index.php?rest_route=\/wp\/v2\/posts"}],"about":[{"href":"https:\/\/foretagsbostadsbolagen.se\/index.php?rest_route=\/wp\/v2\/types\/post"}],"author":[{"embeddable":true,"href":"https:\/\/foretagsbostadsbolagen.se\/index.php?rest_route=\/wp\/v2\/users\/2"}],"replies":[{"embeddable":true,"href":"https:\/\/foretagsbostadsbolagen.se\/index.php?rest_route=%2Fwp%2Fv2%2Fcomments&post=373"}],"version-history":[{"count":1,"href":"https:\/\/foretagsbostadsbolagen.se\/index.php?rest_route=\/wp\/v2\/posts\/373\/revisions"}],"predecessor-version":[{"id":374,"href":"https:\/\/foretagsbostadsbolagen.se\/index.php?rest_route=\/wp\/v2\/posts\/373\/revisions\/374"}],"wp:featuredmedia":[{"embeddable":true,"href":"https:\/\/foretagsbostadsbolagen.se\/index.php?rest_route=\/wp\/v2\/media\/153"}],"wp:attachment":[{"href":"https:\/\/foretagsbostadsbolagen.se\/index.php?rest_route=%2Fwp%2Fv2%2Fmedia&parent=373"}],"wp:term":[{"taxonomy":"category","embeddable":true,"href":"https:\/\/foretagsbostadsbolagen.se\/index.php?rest_route=%2Fwp%2Fv2%2Fcategories&post=373"},{"taxonomy":"post_tag","embeddable":true,"href":"https:\/\/foretagsbostadsbolagen.se\/index.php?rest_route=%2Fwp%2Fv2%2Ftags&post=373"}],"curies":[{"name":"wp","href":"https:\/\/api.w.org\/{rel}","templated":true}]}}