{"id":368,"date":"2024-02-28T09:08:29","date_gmt":"2024-02-28T09:08:29","guid":{"rendered":"https:\/\/foretagsbostadsbolagen.se\/?p=368"},"modified":"2024-02-28T09:08:52","modified_gmt":"2024-02-28T09:08:52","slug":"fbb-lanserar-rapport-om-foretagsbostader-och-svensk-kompetensforsorjning","status":"publish","type":"post","link":"https:\/\/foretagsbostadsbolagen.se\/?p=368","title":{"rendered":"FBB lanserar rapport om f\u00f6retagsbost\u00e4der och svensk kompetensf\u00f6rs\u00f6rjning"},"content":{"rendered":"<p>F\u00f6retagsbost\u00e4der kan vara p\u00e5 v\u00e4g att f\u00f6rsvinna. Det \u00e4r slutsatsen fr\u00e5n den rapport som FBB idag lanserar. F\u00f6retagsbost\u00e4der som boendemodell \u00e4r hotad och d\u00e4rigenom kompetensf\u00f6rs\u00f6rjningen i Sverige. Rapporten belyser de utmaningar f\u00f6retag och offentliga verksamheter st\u00e5r inf\u00f6r n\u00e4r det g\u00e4ller rekrytering av kompetens och betonar behovet av politiska initiativ f\u00f6r att s\u00e4kerst\u00e4lla tillg\u00e4ngligheten p\u00e5 tillf\u00e4lliga bost\u00e4der.<\/p>\n<p>Det senaste \u00e5ret har varit turbulent. I december 2022 kom en prejudicerande dom fr\u00e5n H\u00f6gsta domstolen som ger andrahandshyresg\u00e4ster samma r\u00e4ttigheter som f\u00f6rstahandshyresg\u00e4ster. Domen har medf\u00f6rt flera konsekvenser. Hyresn\u00e4mnderna har tvingats \u00e4ndra sin praxis f\u00f6r hur de bed\u00f6mer uthyrning till f\u00f6retag och flera f\u00f6retag som erbjuder juridiska tj\u00e4nster har vuxit fram till f\u00f6ljd av domen.<\/p>\n<p>Sammantaget har denna situation lett till att det blivit mycket sv\u00e5rare att f\u00f6rmedla bost\u00e4der till f\u00f6retag. Bostadsmarknaden har inte lyckats f\u00f6lja med i arbetsmarknadens utveckling, och i och med hotet mot f\u00f6retagsbost\u00e4der riskerar bostadssituationen g\u00e5 fr\u00e5n dysfunktionell till katastrofal.<\/p>\n<p>I slut\u00e4ndan \u00e4r det Sverige som f\u00f6rlorar i takt med att allt fler f\u00f6retag f\u00e5r sv\u00e5rare att rekrytera spetskompetens.<\/p>\n<p>&#8211; I samma stund som domen f\u00f6ll blev det h\u00e4r en fr\u00e5ga f\u00f6r politiken. Om vi ska lyckas s\u00e4kra tillg\u00e5ngen till f\u00f6retagsbost\u00e4der och d\u00e4rigenom m\u00f6jligg\u00f6ra en smidigare och mer effektiv kompetensf\u00f6rs\u00f6rjning f\u00f6r svenska f\u00f6retag beh\u00f6ver regeringen agera nu, s\u00e4ger Niclas Bl\u00e5klinth, talesperson f\u00f6r FBB.<\/p>\n<p>&nbsp;<\/p>\n<p>Rapporten och pressmeddelandet finns att <a href=\"https:\/\/news.cision.com\/se\/foretagsbostadsbolagen\/r\/foretagsbostader-kan-vara-pa-vag-att-forsvinna,c3933530\">l\u00e4sa h\u00e4r<\/a>.<\/p>\n","protected":false},"excerpt":{"rendered":"<p>F\u00f6retagsbost\u00e4der kan vara p\u00e5 v\u00e4g att f\u00f6rsvinna. Det \u00e4r slutsatsen fr\u00e5n den rapport som FBB idag lanserar. F\u00f6retagsbost\u00e4der som boendemodell [&hellip;]<\/p>\n","protected":false},"author":2,"featured_media":369,"comment_status":"open","ping_status":"open","sticky":false,"template":"","format":"standard","meta":{"_monsterinsights_skip_tracking":false,"_monsterinsights_sitenote_active":false,"_monsterinsights_sitenote_note":"","_monsterinsights_sitenote_category":0,"footnotes":""},"categories":[3],"tags":[],"class_list":["post-368","post","type-post","status-publish","format-standard","has-post-thumbnail","hentry","category-nyhet"],"_links":{"self":[{"href":"https:\/\/foretagsbostadsbolagen.se\/index.php?rest_route=\/wp\/v2\/posts\/368","targetHints":{"allow":["GET"]}}],"collection":[{"href":"https:\/\/foretagsbostadsbolagen.se\/index.php?rest_route=\/wp\/v2\/posts"}],"about":[{"href":"https:\/\/foretagsbostadsbolagen.se\/index.php?rest_route=\/wp\/v2\/types\/post"}],"author":[{"embeddable":true,"href":"https:\/\/foretagsbostadsbolagen.se\/index.php?rest_route=\/wp\/v2\/users\/2"}],"replies":[{"embeddable":true,"href":"https:\/\/foretagsbostadsbolagen.se\/index.php?rest_route=%2Fwp%2Fv2%2Fcomments&post=368"}],"version-history":[{"count":2,"href":"https:\/\/foretagsbostadsbolagen.se\/index.php?rest_route=\/wp\/v2\/posts\/368\/revisions"}],"predecessor-version":[{"id":371,"href":"https:\/\/foretagsbostadsbolagen.se\/index.php?rest_route=\/wp\/v2\/posts\/368\/revisions\/371"}],"wp:featuredmedia":[{"embeddable":true,"href":"https:\/\/foretagsbostadsbolagen.se\/index.php?rest_route=\/wp\/v2\/media\/369"}],"wp:attachment":[{"href":"https:\/\/foretagsbostadsbolagen.se\/index.php?rest_route=%2Fwp%2Fv2%2Fmedia&parent=368"}],"wp:term":[{"taxonomy":"category","embeddable":true,"href":"https:\/\/foretagsbostadsbolagen.se\/index.php?rest_route=%2Fwp%2Fv2%2Fcategories&post=368"},{"taxonomy":"post_tag","embeddable":true,"href":"https:\/\/foretagsbostadsbolagen.se\/index.php?rest_route=%2Fwp%2Fv2%2Ftags&post=368"}],"curies":[{"name":"wp","href":"https:\/\/api.w.org\/{rel}","templated":true}]}}