{"id":364,"date":"2024-01-09T12:16:39","date_gmt":"2024-01-09T12:16:39","guid":{"rendered":"https:\/\/foretagsbostadsbolagen.se\/?p=364"},"modified":"2024-03-11T15:06:21","modified_gmt":"2024-03-11T15:06:21","slug":"fbb-publicerar-debattartikel-i-altinget-om-behovet-av-foretagsbostader","status":"publish","type":"post","link":"https:\/\/foretagsbostadsbolagen.se\/?p=364","title":{"rendered":"FBB publicerar debattartikel i Altinget om behovet av f\u00f6retagsbost\u00e4der"},"content":{"rendered":"<p>Idag skriver <a href=\"https:\/\/www.altinget.se\/artikel\/om-foretag-ska-kunna-rekrytera-spetskompetens-maaste-det-finnas-naagonstans-att-bo\">F\u00f6retagsbostadsbolagen (FBB) i Altinget<\/a> om den HD-dom som ytterligare f\u00f6rsv\u00e5rar uthyrning till f\u00f6retag och g\u00f6r en redan h\u00e5rt reglerad hyresbostadsmarknad \u00e4nnu h\u00e5rdare. Regeringen m\u00e5ste d\u00e4rf\u00f6r omedelbart ta tag i fr\u00e5gan om f\u00f6retagsbost\u00e4der.<\/p>\n<p>Kompetensbristen \u00e4r stor inom m\u00e5nga omr\u00e5den p\u00e5 arbetsmarknaden. F\u00f6retag m\u00e5ste kunna erbjuda bost\u00e4der f\u00f6r att kunna attrahera den kompetens som beh\u00f6vs.<\/p>\n<p>En flexibel l\u00f6sning som vuxit fram f\u00f6r att hj\u00e4lpa f\u00f6retag och offentliga verksamheter \u00e4r andrahandshyra av f\u00f6retagsl\u00e4genheter. En f\u00f6ruts\u00e4ttning f\u00f6r detta \u00e4r blockhyresavtal som inneb\u00e4r att fastighets\u00e4gare kan hyra ut flera l\u00e4genheter i ett och samma avtal till ett bostadsservicef\u00f6retag.<\/p>\n<p>Domen i H\u00f6gsta domstolen inneb\u00e4r f\u00f6renklat att besittningsskyddet nu ska ses som lika strikt som om en l\u00e4genhet hyrs direkt fr\u00e5n till exempel ett kommunalt bostadsbolag. S\u00e5 har det inte varit tidigare. Domen l\u00e4gger grund f\u00f6r en ny r\u00e4ttspraxis som inneb\u00e4r att hyresg\u00e4sten f\u00e5r samma r\u00e4ttigheter som vid ett f\u00f6rstahandskontrakt. Det om\u00f6jligg\u00f6r flexibilitet och undergr\u00e4ver den marknad f\u00f6r tillf\u00e4lliga f\u00f6retagsbost\u00e4der som vuxit fram av nytta f\u00f6r alla ber\u00f6rda parter.<\/p>\n<p>FBB uppmanar regeringen att omedelbart ta tag i fr\u00e5gan och se till att den utreds. V\u00e5rt f\u00f6rslag \u00e4r att den sittande utredningen\u00a0<a href=\"https:\/\/www.regeringen.se\/rattsliga-dokument\/kommittedirektiv\/2023\/06\/dir.-202392\">Enklare privatuthyrning och \u00e4ndring av presumtionshyror<\/a>\u00a0f\u00e5r ett till\u00e4ggsdirektiv om att f\u00f6resl\u00e5 regelf\u00f6r\u00e4ndring som undanr\u00f6jer hinder f\u00f6r blockuthyrning till bostadsservicef\u00f6retag. Nu ligger bollen hos regeringen. H\u00e4r finns ett konkret och br\u00e5dskande behov av att undanr\u00f6ja ett allvarligt hinder f\u00f6r kompetensf\u00f6rs\u00f6rjningen.<\/p>\n","protected":false},"excerpt":{"rendered":"<p>Idag skriver F\u00f6retagsbostadsbolagen (FBB) i Altinget om den HD-dom som ytterligare f\u00f6rsv\u00e5rar uthyrning till f\u00f6retag och g\u00f6r en redan h\u00e5rt [&hellip;]<\/p>\n","protected":false},"author":2,"featured_media":194,"comment_status":"open","ping_status":"open","sticky":false,"template":"","format":"standard","meta":{"_monsterinsights_skip_tracking":false,"_monsterinsights_sitenote_active":false,"_monsterinsights_sitenote_note":"","_monsterinsights_sitenote_category":0,"footnotes":""},"categories":[3],"tags":[],"class_list":["post-364","post","type-post","status-publish","format-standard","has-post-thumbnail","hentry","category-nyhet"],"_links":{"self":[{"href":"https:\/\/foretagsbostadsbolagen.se\/index.php?rest_route=\/wp\/v2\/posts\/364","targetHints":{"allow":["GET"]}}],"collection":[{"href":"https:\/\/foretagsbostadsbolagen.se\/index.php?rest_route=\/wp\/v2\/posts"}],"about":[{"href":"https:\/\/foretagsbostadsbolagen.se\/index.php?rest_route=\/wp\/v2\/types\/post"}],"author":[{"embeddable":true,"href":"https:\/\/foretagsbostadsbolagen.se\/index.php?rest_route=\/wp\/v2\/users\/2"}],"replies":[{"embeddable":true,"href":"https:\/\/foretagsbostadsbolagen.se\/index.php?rest_route=%2Fwp%2Fv2%2Fcomments&post=364"}],"version-history":[{"count":1,"href":"https:\/\/foretagsbostadsbolagen.se\/index.php?rest_route=\/wp\/v2\/posts\/364\/revisions"}],"predecessor-version":[{"id":366,"href":"https:\/\/foretagsbostadsbolagen.se\/index.php?rest_route=\/wp\/v2\/posts\/364\/revisions\/366"}],"wp:featuredmedia":[{"embeddable":true,"href":"https:\/\/foretagsbostadsbolagen.se\/index.php?rest_route=\/wp\/v2\/media\/194"}],"wp:attachment":[{"href":"https:\/\/foretagsbostadsbolagen.se\/index.php?rest_route=%2Fwp%2Fv2%2Fmedia&parent=364"}],"wp:term":[{"taxonomy":"category","embeddable":true,"href":"https:\/\/foretagsbostadsbolagen.se\/index.php?rest_route=%2Fwp%2Fv2%2Fcategories&post=364"},{"taxonomy":"post_tag","embeddable":true,"href":"https:\/\/foretagsbostadsbolagen.se\/index.php?rest_route=%2Fwp%2Fv2%2Ftags&post=364"}],"curies":[{"name":"wp","href":"https:\/\/api.w.org\/{rel}","templated":true}]}}