{"id":358,"date":"2023-12-08T08:29:48","date_gmt":"2023-12-08T08:29:48","guid":{"rendered":"https:\/\/foretagsbostadsbolagen.se\/?p=358"},"modified":"2024-09-25T07:37:21","modified_gmt":"2024-09-25T07:37:21","slug":"fbb-i-intervju-med-fastighetssverige","status":"publish","type":"post","link":"https:\/\/foretagsbostadsbolagen.se\/?p=358","title":{"rendered":"Niclas Bl\u00e5klinth i intervju med Fastighetssverige"},"content":{"rendered":"<p>FBB:s Niclas Bl\u00e5klinth satte sig nyligen ner med Fastighetssverige f\u00f6r att prata om FBB:s arbete och om framtiden f\u00f6r branschen.<\/p>\n<p>&#8211; Precis som f\u00f6r andra i branschen s\u00e5 har den skapat en st\u00f6rre os\u00e4kerhet f\u00f6r oss men \u00e4ven f\u00f6r fastighets\u00e4gare och hos bolag som m\u00e5ste rekrytera inom exempelvis IT, battertillverkning, v\u00e5rd och byggnationer, s\u00e4ger Niclas Bl\u00e5klinth.<\/p>\n<p>De pratade ocks\u00e5 om domen fr\u00e5n HD, om de utmaningar den f\u00f6r med sig &#8211; b\u00e5de f\u00f6r samh\u00e4llet i stort och f\u00f6r andrahandsmarknaden och om de missuppfattningar som figurerat i debatten.<\/p>\n<p>\u2013 Den f\u00f6rsta utmaningen har varit att lyfta den h\u00e4r fr\u00e5gan och faktiskt visa p\u00e5 vad de betyder f\u00f6r Sverige som helhet. Sen finns det starka krafter som g\u00e4rna har kvar hyreslagstiftningen som den \u00e4r och inte vill se vilka problem det ger. Vi har ett stort arbete att f\u00f6rklara att det h\u00e4r omfattar endast cirka 0,4 procent av hyresbest\u00e5ndet, men \u00e4r oerh\u00f6rt viktigt f\u00f6r svenska f\u00f6retag. Det kommer d\u00e4rf\u00f6r inte att p\u00e5verka hyresmarknaden i stort att f\u00f6retag som hyr ses som j\u00e4mb\u00f6rdiga parter och inte att de skulle vara skyddsv\u00e4rda likt en privatperson.<\/p>\n<p>Situationen kr\u00e4ver att regeringen agerar s\u00e5 att denna typ av personalbost\u00e4der, som \u00e4r viktiga f\u00f6r f\u00f6retags kompetensf\u00f6rs\u00f6rjning och konkurrenskraft, inte f\u00f6rsvinner.<\/p>\n<p>&#8211; Vi hade ett v\u00e4ldigt givande m\u00f6te med justitiedepartementet som tog emot v\u00e5r problembild och hoppas de kan ta vid f\u00f6r att f\u00e5 en f\u00f6r\u00e4ndring, avslutar Niclas Bl\u00e5klinth.<\/p>\n<p>L\u00e4s <a href=\"https:\/\/fastighetssverige.se\/artikel\/kraver-undantag-fran-hyreslagstiftning-har-skapat-osakerhet-for-fastighetsagare-48736\">hela artikeln h\u00e4r<\/a>.<\/p>\n","protected":false},"excerpt":{"rendered":"<p>FBB:s Niclas Bl\u00e5klinth satte sig nyligen ner med Fastighetssverige f\u00f6r att prata om FBB:s arbete och om framtiden f\u00f6r branschen. [&hellip;]<\/p>\n","protected":false},"author":2,"featured_media":417,"comment_status":"open","ping_status":"open","sticky":false,"template":"","format":"standard","meta":{"_monsterinsights_skip_tracking":false,"_monsterinsights_sitenote_active":false,"_monsterinsights_sitenote_note":"","_monsterinsights_sitenote_category":0,"footnotes":""},"categories":[3],"tags":[],"class_list":["post-358","post","type-post","status-publish","format-standard","has-post-thumbnail","hentry","category-nyhet"],"_links":{"self":[{"href":"https:\/\/foretagsbostadsbolagen.se\/index.php?rest_route=\/wp\/v2\/posts\/358","targetHints":{"allow":["GET"]}}],"collection":[{"href":"https:\/\/foretagsbostadsbolagen.se\/index.php?rest_route=\/wp\/v2\/posts"}],"about":[{"href":"https:\/\/foretagsbostadsbolagen.se\/index.php?rest_route=\/wp\/v2\/types\/post"}],"author":[{"embeddable":true,"href":"https:\/\/foretagsbostadsbolagen.se\/index.php?rest_route=\/wp\/v2\/users\/2"}],"replies":[{"embeddable":true,"href":"https:\/\/foretagsbostadsbolagen.se\/index.php?rest_route=%2Fwp%2Fv2%2Fcomments&post=358"}],"version-history":[{"count":3,"href":"https:\/\/foretagsbostadsbolagen.se\/index.php?rest_route=\/wp\/v2\/posts\/358\/revisions"}],"predecessor-version":[{"id":362,"href":"https:\/\/foretagsbostadsbolagen.se\/index.php?rest_route=\/wp\/v2\/posts\/358\/revisions\/362"}],"wp:featuredmedia":[{"embeddable":true,"href":"https:\/\/foretagsbostadsbolagen.se\/index.php?rest_route=\/wp\/v2\/media\/417"}],"wp:attachment":[{"href":"https:\/\/foretagsbostadsbolagen.se\/index.php?rest_route=%2Fwp%2Fv2%2Fmedia&parent=358"}],"wp:term":[{"taxonomy":"category","embeddable":true,"href":"https:\/\/foretagsbostadsbolagen.se\/index.php?rest_route=%2Fwp%2Fv2%2Fcategories&post=358"},{"taxonomy":"post_tag","embeddable":true,"href":"https:\/\/foretagsbostadsbolagen.se\/index.php?rest_route=%2Fwp%2Fv2%2Ftags&post=358"}],"curies":[{"name":"wp","href":"https:\/\/api.w.org\/{rel}","templated":true}]}}