{"id":346,"date":"2023-11-29T07:52:49","date_gmt":"2023-11-29T07:52:49","guid":{"rendered":"https:\/\/foretagsbostadsbolagen.se\/?p=346"},"modified":"2023-11-29T07:53:07","modified_gmt":"2023-11-29T07:53:07","slug":"foretaget-hypercore-om-mojligheten-att-hyra-foretagsbostader-forsvinner-slar-det-direkt-mot-rekryteringen-av-talanger","status":"publish","type":"post","link":"https:\/\/foretagsbostadsbolagen.se\/?p=346","title":{"rendered":"F\u00f6retaget Hypercore: Om m\u00f6jligheten att hyra f\u00f6retagsbost\u00e4der f\u00f6rsvinner sl\u00e5r det direkt mot rekryteringen av talanger"},"content":{"rendered":"<p>I n\u00e4sta del av v\u00e5r intervjuserie ber\u00e4ttar Cecilia Elming, Head of Operations &amp; HR p\u00e5 Hypercore \u2013 ett f\u00f6retag som specialiserar sig p\u00e5 att tillhandah\u00e5lla IT-konsulter och software engineers \u2013 om varf\u00f6r de anlitar f\u00f6retag som tillhandah\u00e5ller f\u00f6retagsbost\u00e4der.<\/p>\n<p>Hypercore har valt att samarbeta med f\u00f6retag som specialiserar sig p\u00e5 tillf\u00e4lliga bost\u00e4der f\u00f6r att underl\u00e4tta processen f\u00f6r sina anst\u00e4llda.<\/p>\n<p>&#8211; Det \u00e4r smidigare att anv\u00e4nda ett f\u00f6rmedlingsf\u00f6retag \u00e4n att vi ska hitta l\u00e4genheter p\u00e5 egen hand till v\u00e5ra anst\u00e4llda, b\u00e5de sett till att det snabbare och \u00e4r mer effektivt, exempelvis n\u00e4r vi ser till kontakten med fastighets\u00e4garna. Det skulle annars vara n\u00e5got vi skulle beh\u00f6va l\u00e4gga stor tid p\u00e5 i st\u00e4llet f\u00f6r att fokusera p\u00e5 v\u00e5r k\u00e4rnverksamhet. Vi upplever ocks\u00e5 att det \u00e4r en mycket seri\u00f6s verksamhet, f\u00f6rklarar Cecilia Elming n\u00e4r hon talar om varf\u00f6r Hypercore har valt att v\u00e4nda sig till ett av FBB:s medlemsf\u00f6retag.<\/p>\n<p>F\u00f6r Hypercore \u00e4r tillg\u00e5ngen till tillf\u00e4lliga bost\u00e4der inte bara en bekv\u00e4mlighet utan en n\u00f6dv\u00e4ndighet f\u00f6r att s\u00e4kerst\u00e4lla en smidig rekryteringsprocess. Cecilia understryker den kritiska rollen som tillf\u00e4lliga bost\u00e4der spelar f\u00f6r att attrahera och beh\u00e5lla h\u00f6gkvalificerade IT-experter och ingenj\u00f6rer.<\/p>\n<p>&#8211; F\u00f6r oss \u00e4r det j\u00e4tteviktigt. Om vi inte har boende att erbjuda kan vi helt enkelt inte rekrytera talanger.<\/p>\n<p>Om m\u00f6jligheten att erbjuda tillf\u00e4lliga bost\u00e4der skulle f\u00f6rsvinna skulle det ha en direkt inverkan p\u00e5 Hypercores f\u00f6rm\u00e5ga att rekrytera och uppr\u00e4tth\u00e5lla sitt arbete.<\/p>\n<p>&#8211; Det vore skadligt f\u00f6r Sverige eftersom det \u00e4r brist p\u00e5 utvecklare. V\u00e5rt bolag skulle helt enkelt inte fungera. Dessutom skulle det ta mer tid f\u00f6r oss att fixa boende till v\u00e5ra anst\u00e4llda \u00e4n vad det g\u00f6r f\u00f6r de f\u00f6retag som specialiserar sig p\u00e5 detta, f\u00f6rklarar Cecilia.<\/p>\n<p>N\u00e4r det g\u00e4ller den svenska bostadsmarknaden \u00e4r Cecilia tydlig med de utmaningar som finns.<\/p>\n<p>&#8211; Vi \u00e4r enbart verksamma i Sverige, men den svenska bostadsmarknaden \u00e4r inte l\u00e4tt, konstaterar hon.<\/p>\n<p>Likt m\u00e5nga andra f\u00f6retag som valt att v\u00e4nda sig till FBB:s medlemsf\u00f6retag bekr\u00e4ftar och understryker Cecilia Elming behovet av att hitta l\u00f6sningar f\u00f6r att g\u00f6ra den svenska bostadsmarknaden mer tillg\u00e4nglig och hanterbar, b\u00e5de f\u00f6r svenska och internationella f\u00f6retag.<\/p>\n","protected":false},"excerpt":{"rendered":"<p>I n\u00e4sta del av v\u00e5r intervjuserie ber\u00e4ttar Cecilia Elming, Head of Operations &amp; HR p\u00e5 Hypercore \u2013 ett f\u00f6retag som [&hellip;]<\/p>\n","protected":false},"author":2,"featured_media":348,"comment_status":"open","ping_status":"open","sticky":false,"template":"","format":"standard","meta":{"_monsterinsights_skip_tracking":false,"_monsterinsights_sitenote_active":false,"_monsterinsights_sitenote_note":"","_monsterinsights_sitenote_category":0,"footnotes":""},"categories":[3],"tags":[],"class_list":["post-346","post","type-post","status-publish","format-standard","has-post-thumbnail","hentry","category-nyhet"],"_links":{"self":[{"href":"https:\/\/foretagsbostadsbolagen.se\/index.php?rest_route=\/wp\/v2\/posts\/346","targetHints":{"allow":["GET"]}}],"collection":[{"href":"https:\/\/foretagsbostadsbolagen.se\/index.php?rest_route=\/wp\/v2\/posts"}],"about":[{"href":"https:\/\/foretagsbostadsbolagen.se\/index.php?rest_route=\/wp\/v2\/types\/post"}],"author":[{"embeddable":true,"href":"https:\/\/foretagsbostadsbolagen.se\/index.php?rest_route=\/wp\/v2\/users\/2"}],"replies":[{"embeddable":true,"href":"https:\/\/foretagsbostadsbolagen.se\/index.php?rest_route=%2Fwp%2Fv2%2Fcomments&post=346"}],"version-history":[{"count":1,"href":"https:\/\/foretagsbostadsbolagen.se\/index.php?rest_route=\/wp\/v2\/posts\/346\/revisions"}],"predecessor-version":[{"id":349,"href":"https:\/\/foretagsbostadsbolagen.se\/index.php?rest_route=\/wp\/v2\/posts\/346\/revisions\/349"}],"wp:featuredmedia":[{"embeddable":true,"href":"https:\/\/foretagsbostadsbolagen.se\/index.php?rest_route=\/wp\/v2\/media\/348"}],"wp:attachment":[{"href":"https:\/\/foretagsbostadsbolagen.se\/index.php?rest_route=%2Fwp%2Fv2%2Fmedia&parent=346"}],"wp:term":[{"taxonomy":"category","embeddable":true,"href":"https:\/\/foretagsbostadsbolagen.se\/index.php?rest_route=%2Fwp%2Fv2%2Fcategories&post=346"},{"taxonomy":"post_tag","embeddable":true,"href":"https:\/\/foretagsbostadsbolagen.se\/index.php?rest_route=%2Fwp%2Fv2%2Ftags&post=346"}],"curies":[{"name":"wp","href":"https:\/\/api.w.org\/{rel}","templated":true}]}}