{"id":338,"date":"2023-11-16T08:43:24","date_gmt":"2023-11-16T08:43:24","guid":{"rendered":"https:\/\/foretagsbostadsbolagen.se\/?p=338"},"modified":"2023-11-16T08:45:02","modified_gmt":"2023-11-16T08:45:02","slug":"it-konsultforetags-vd-menar-att-foretagsbostader-ar-avgorande-for-att-locka-de-basta-talangerna","status":"publish","type":"post","link":"https:\/\/foretagsbostadsbolagen.se\/?p=338","title":{"rendered":"IT-konsultf\u00f6retags Vd menar att  f\u00f6retagsbost\u00e4der \u00e4r avg\u00f6rande f\u00f6r att locka de b\u00e4sta talangerna"},"content":{"rendered":"<p>Uthyrning av f\u00f6retagsbost\u00e4der st\u00e5r inf\u00f6r stora utmaningar. Som en f\u00f6ljd av en dom fr\u00e5n H\u00f6gsta domstolen fr\u00e5n 2022 \u00e4r branschen hotad i grunden. Branschens tj\u00e4nster tillf\u00f6r unik flexibilitet p\u00e5 en stel marknad. M\u00e5nga f\u00f6retag saknar alternativa l\u00f6sningar f\u00f6r att snabbt hitta bost\u00e4der vid rekryteringar av personal som m\u00e5ste flytta inom landet eller fr\u00e5n utlandet f\u00f6r att arbeta.<\/p>\n<p>Ett av FBB:s medlemsf\u00f6retag har anlitats av Zcelero, ett IT-konsultf\u00f6retag inom digital industri som hj\u00e4lper andra f\u00f6retag i deras digitala omst\u00e4llningsarbete. FBB satte sig ner med Azin Ahlgren, vd och grundare f\u00f6r Zcelero, f\u00f6r att prata om behovet av f\u00f6retagsbost\u00e4der, vikten av att snabbt kunna ordna fram boenden f\u00f6r anst\u00e4llda.<\/p>\n<p><strong>Varf\u00f6r har ni valt att anv\u00e4nda er av f\u00f6retagsbost\u00e4der f\u00f6r era anst\u00e4llda? <\/strong><\/p>\n<p>&#8211; Sverige har en blomstrande IT-sektor, och f\u00f6r att konkurrera p\u00e5 en global niv\u00e5 har vi beh\u00f6vt rekrytera specialister fr\u00e5n olika delar av v\u00e4rlden. F\u00f6retagsbost\u00e4der har varit en nyckelfaktor f\u00f6r att g\u00f6ra detta m\u00f6jligt, s\u00e4ger Azin Ahlgren<\/p>\n<p><strong>Vad har era anst\u00e4llda tyckt om de bostadsl\u00f6sningar ni hj\u00e4lpt dem med? <\/strong><\/p>\n<p>&#8211; F\u00f6r v\u00e5ra internationella medarbetare har f\u00f6retagsbost\u00e4der varit en trygg och enkel l\u00f6sning n\u00e4r de flyttar till Sverige. Det har underl\u00e4ttat \u00f6verg\u00e5ngen till en ny kultur och arbetsmilj\u00f6 f\u00f6rklarar Azin Ahlgren.<\/p>\n<p><strong>Hur ser du p\u00e5 f\u00f6retagets ansvar n\u00e4r det g\u00e4ller att erbjuda bostadsf\u00f6rm\u00e5ner till anst\u00e4llda?<\/strong><\/p>\n<p>&#8211; Att erbjuda v\u00e5ra anst\u00e4llda bra bost\u00e4der \u00e4r inte bara en arbetsgivarplikt utan \u00e4ven en investering i deras v\u00e4lbefinnande. Det skapar en arbetsmilj\u00f6 d\u00e4r v\u00e5ra teammedlemmar trivs och kan prestera p\u00e5 sin h\u00f6gsta niv\u00e5, s\u00e4ger Azin Ahlgren.<\/p>\n<p><strong>Kan du ber\u00e4tta lite om vad f\u00f6retagsbost\u00e4der betytt f\u00f6r er ur ett aff\u00e4rsperspektiv?<\/strong><\/p>\n<p>&#8211; Tillg\u00e5ng till f\u00f6retagsbost\u00e4der ger oss en konkurrensf\u00f6rdel i rekryteringsprocessen. Det g\u00f6r att vi kan locka de b\u00e4sta talangerna i branschen. F\u00f6r\u00e4ndringar i lagstiftningen g\u00e4llande f\u00f6retagsbost\u00e4der \u00e4r av avg\u00f6rande betydelse f\u00f6r oss och andra f\u00f6retag som \u00e4r engagerade i internationell rekrytering. Utan dessa bostadsl\u00f6sningar kan det bli allt sv\u00e5rare att locka och beh\u00e5lla kvalificerad arbetskraft fr\u00e5n andra l\u00e4nder avslutar Azin Ahlgren.<\/p>\n","protected":false},"excerpt":{"rendered":"<p>Uthyrning av f\u00f6retagsbost\u00e4der st\u00e5r inf\u00f6r stora utmaningar. Som en f\u00f6ljd av en dom fr\u00e5n H\u00f6gsta domstolen fr\u00e5n 2022 \u00e4r branschen [&hellip;]<\/p>\n","protected":false},"author":2,"featured_media":340,"comment_status":"open","ping_status":"open","sticky":false,"template":"","format":"standard","meta":{"_monsterinsights_skip_tracking":false,"_monsterinsights_sitenote_active":false,"_monsterinsights_sitenote_note":"","_monsterinsights_sitenote_category":0,"footnotes":""},"categories":[3],"tags":[],"class_list":["post-338","post","type-post","status-publish","format-standard","has-post-thumbnail","hentry","category-nyhet"],"_links":{"self":[{"href":"https:\/\/foretagsbostadsbolagen.se\/index.php?rest_route=\/wp\/v2\/posts\/338","targetHints":{"allow":["GET"]}}],"collection":[{"href":"https:\/\/foretagsbostadsbolagen.se\/index.php?rest_route=\/wp\/v2\/posts"}],"about":[{"href":"https:\/\/foretagsbostadsbolagen.se\/index.php?rest_route=\/wp\/v2\/types\/post"}],"author":[{"embeddable":true,"href":"https:\/\/foretagsbostadsbolagen.se\/index.php?rest_route=\/wp\/v2\/users\/2"}],"replies":[{"embeddable":true,"href":"https:\/\/foretagsbostadsbolagen.se\/index.php?rest_route=%2Fwp%2Fv2%2Fcomments&post=338"}],"version-history":[{"count":1,"href":"https:\/\/foretagsbostadsbolagen.se\/index.php?rest_route=\/wp\/v2\/posts\/338\/revisions"}],"predecessor-version":[{"id":339,"href":"https:\/\/foretagsbostadsbolagen.se\/index.php?rest_route=\/wp\/v2\/posts\/338\/revisions\/339"}],"wp:featuredmedia":[{"embeddable":true,"href":"https:\/\/foretagsbostadsbolagen.se\/index.php?rest_route=\/wp\/v2\/media\/340"}],"wp:attachment":[{"href":"https:\/\/foretagsbostadsbolagen.se\/index.php?rest_route=%2Fwp%2Fv2%2Fmedia&parent=338"}],"wp:term":[{"taxonomy":"category","embeddable":true,"href":"https:\/\/foretagsbostadsbolagen.se\/index.php?rest_route=%2Fwp%2Fv2%2Fcategories&post=338"},{"taxonomy":"post_tag","embeddable":true,"href":"https:\/\/foretagsbostadsbolagen.se\/index.php?rest_route=%2Fwp%2Fv2%2Ftags&post=338"}],"curies":[{"name":"wp","href":"https:\/\/api.w.org\/{rel}","templated":true}]}}