{"id":334,"date":"2023-11-03T09:59:46","date_gmt":"2023-11-03T09:59:46","guid":{"rendered":"https:\/\/foretagsbostadsbolagen.se\/?p=334"},"modified":"2023-11-03T10:23:51","modified_gmt":"2023-11-03T10:23:51","slug":"svensk-bostadsmarknad-hotar-foretagens-rekrytering-av-nyckelkompetens","status":"publish","type":"post","link":"https:\/\/foretagsbostadsbolagen.se\/?p=334","title":{"rendered":"Svensk bostadsmarknad hotar f\u00f6retagens rekrytering av nyckelkompetens"},"content":{"rendered":"<p class=\"PC-brdtext\">F\u00f6r f\u00f6retag som vill attrahera nyckelkompetens till Stockholm \u00e4r den svenska bostadsmarknaden ett allvarligt hinder. Sv\u00e5righeterna att hitta bost\u00e4der har blivit ett allt mer akut problem under det senaste decenniet, vilket nu kr\u00e4ver politisk uppm\u00e4rksamhet. I en <strong><a href=\"https:\/\/www.dn.se\/sport\/ny-rapport-svensk-idrott-brister-i-transparens-uppgifter-om-arvoden-saknas\/\">artikel fr\u00e5n DN<\/a><\/strong> uppm\u00e4rksammar Stockholms Handelskammare problematiken.<\/p>\n<p class=\"PC-brdtext\">Sv\u00e5righeterna med bost\u00e4der har p\u00e5verkat f\u00f6retagens f\u00f6rm\u00e5ga att rekrytera medarbetare under en l\u00e5ng tid. En unders\u00f6kning utf\u00f6rd av Stockholms Handelskammare f\u00f6rra \u00e5ret bekr\u00e4ftar detta. Tre av fyra personalchefer ans\u00e5g att bostadsmarknaden var &#8221;avskr\u00e4ckande,&#8221; och en tredjedel rapporterade att det var ett direkt hinder f\u00f6r rekryteringsprocessen.<\/p>\n<p class=\"PC-brdtext\">Bostadsbristen hotar f\u00f6retagens rekrytering av nyckelkompetens, b\u00e5de i huvudstaden och i \u00f6vriga landet. Sv\u00e5righeterna med bost\u00e4der har eskalerat under de senaste \u00e5ren och det \u00e4r uppenbart att bostadsmarknaden inte h\u00e4ngt med i utvecklingen mot en allt mer r\u00f6rlig arbetsmarknad.<\/p>\n<p class=\"PC-brdtext\">F\u00f6r att st\u00f6dja f\u00f6retagens tillv\u00e4xt och st\u00e4rka svensk konkurrenskraft m\u00e5ste politiken prioritera problemet och snabbt hitta l\u00f6sningar. Vi menar att det m\u00e5ste inf\u00f6ras en ventil i hyreslagslagen som undantar tillf\u00e4lliga boenden f\u00f6r f\u00f6retag fr\u00e5n besittningsr\u00e4tt. Det skulle underl\u00e4tta f\u00f6r nyinflyttad arbetskraft att f\u00e5 ett boende snabbt och d\u00e4rmed motverka f\u00f6retagens problem att rekrytera nyckelkompetens.<\/p>\n","protected":false},"excerpt":{"rendered":"<p>F\u00f6r f\u00f6retag som vill attrahera nyckelkompetens till Stockholm \u00e4r den svenska bostadsmarknaden ett allvarligt hinder. Sv\u00e5righeterna att hitta bost\u00e4der har [&hellip;]<\/p>\n","protected":false},"author":2,"featured_media":155,"comment_status":"open","ping_status":"open","sticky":false,"template":"","format":"standard","meta":{"_monsterinsights_skip_tracking":false,"_monsterinsights_sitenote_active":false,"_monsterinsights_sitenote_note":"","_monsterinsights_sitenote_category":0,"footnotes":""},"categories":[3],"tags":[],"class_list":["post-334","post","type-post","status-publish","format-standard","has-post-thumbnail","hentry","category-nyhet"],"_links":{"self":[{"href":"https:\/\/foretagsbostadsbolagen.se\/index.php?rest_route=\/wp\/v2\/posts\/334","targetHints":{"allow":["GET"]}}],"collection":[{"href":"https:\/\/foretagsbostadsbolagen.se\/index.php?rest_route=\/wp\/v2\/posts"}],"about":[{"href":"https:\/\/foretagsbostadsbolagen.se\/index.php?rest_route=\/wp\/v2\/types\/post"}],"author":[{"embeddable":true,"href":"https:\/\/foretagsbostadsbolagen.se\/index.php?rest_route=\/wp\/v2\/users\/2"}],"replies":[{"embeddable":true,"href":"https:\/\/foretagsbostadsbolagen.se\/index.php?rest_route=%2Fwp%2Fv2%2Fcomments&post=334"}],"version-history":[{"count":2,"href":"https:\/\/foretagsbostadsbolagen.se\/index.php?rest_route=\/wp\/v2\/posts\/334\/revisions"}],"predecessor-version":[{"id":336,"href":"https:\/\/foretagsbostadsbolagen.se\/index.php?rest_route=\/wp\/v2\/posts\/334\/revisions\/336"}],"wp:featuredmedia":[{"embeddable":true,"href":"https:\/\/foretagsbostadsbolagen.se\/index.php?rest_route=\/wp\/v2\/media\/155"}],"wp:attachment":[{"href":"https:\/\/foretagsbostadsbolagen.se\/index.php?rest_route=%2Fwp%2Fv2%2Fmedia&parent=334"}],"wp:term":[{"taxonomy":"category","embeddable":true,"href":"https:\/\/foretagsbostadsbolagen.se\/index.php?rest_route=%2Fwp%2Fv2%2Fcategories&post=334"},{"taxonomy":"post_tag","embeddable":true,"href":"https:\/\/foretagsbostadsbolagen.se\/index.php?rest_route=%2Fwp%2Fv2%2Ftags&post=334"}],"curies":[{"name":"wp","href":"https:\/\/api.w.org\/{rel}","templated":true}]}}