{"id":175,"date":"2023-05-22T07:50:29","date_gmt":"2023-05-22T07:50:29","guid":{"rendered":"https:\/\/foretagsbostadsbolagen.se\/?p=175"},"modified":"2023-05-26T09:15:25","modified_gmt":"2023-05-26T09:15:25","slug":"storre-lokaler-pa-vag","status":"publish","type":"post","link":"https:\/\/foretagsbostadsbolagen.se\/?p=175","title":{"rendered":"Uthyrning av l\u00e4genheter till f\u00f6retag s\u00e4krar kompetens och bidrar till tillv\u00e4xt i hela Sverige"},"content":{"rendered":"<p>Fastighets\u00e4garna menar i en rapport om l\u00e4genheter till f\u00f6retag att det \u00e4r viktigt att det \u00e4ven fortsatt finns en tillg\u00e5ng till hyresbost\u00e4der f\u00f6r olika behov som uppst\u00e5r i n\u00e4ringslivet eller offentlig sektor. M\u00e5nga g\u00e5nger \u00e4r en uthyrning via ett f\u00f6retag, en myndighet eller en kommun en f\u00f6ruts\u00e4ttning f\u00f6r att skapa bost\u00e4der f\u00f6r personal och andra samh\u00e4llsnyttiga \u00e4ndam\u00e5l.<\/p>\n<p>I rapporten lyfter Fastighets\u00e4garna den os\u00e4kerhet som r\u00e5der kring vad som g\u00e4ller vid uthyrning till f\u00f6retag och lyfter varf\u00f6r uthyrning till f\u00f6retag \u00e4r ett viktigt komplement p\u00e5 bostadsmarknaden.<\/p>\n<p>Utan en god tillg\u00e5ng till bost\u00e4der f\u00f6rsv\u00e5ras kompetensf\u00f6rs\u00f6rjningen, vilket riskerar leda till att samh\u00e4llsutvecklingen och tillv\u00e4xten h\u00e4mmas, konstateras i rapporten.<\/p>\n<p>Fastighets\u00e4garna menar \u00e4ven att personalbost\u00e4der m\u00e5ste anses vara ett s\u00e5dant seri\u00f6st behov som lagstiftaren hade i \u00e5tanke n\u00e4r blockhyresbest\u00e4mmelserna utformades. Om r\u00e4ttspraxis med anledningen av domen i H\u00f6gsta domstolen leder till att m\u00f6jligheten f\u00f6rsvinner m\u00e5ste lagen \u00e4ndras f\u00f6r att m\u00f6jligg\u00f6ra detta under seri\u00f6sa former. Annars riskerar denna typ av personalbost\u00e4der f\u00f6rsvinna fr\u00e5n marknaden, menar Fastighets\u00e4garna och att oseri\u00f6s f\u00f6retagsuthyrning som innefattar missbruk och systematiskt kringg\u00e5ende av skyddsregler inte vara till\u00e5tna.<\/p>\n<p>Fastighets\u00e4garna uppmanar regering och riksdag att f\u00f6rtydliga hyreslagens best\u00e4mmelser f\u00f6r att tillgodose n\u00e4ringslivet, samh\u00e4llet och bostadskonsumenternas behov av seri\u00f6s f\u00f6retagsuthyrning som ett n\u00f6dv\u00e4ndigt komplement p\u00e5 hyresbostadsmarknaden.<\/p>\n<p>H\u00e4r hittar du <a href=\"https:\/\/www.fastighetsagarna.se\/globalassets\/bilder\/rapportbilder\/sverige_rapporter\/rapport_uthyrning-av-lagenheter.pdf?bustCache=1684836846335\">rapporten<\/a> fr\u00e5n Fastighets\u00e4garna.<\/p>\n","protected":false},"excerpt":{"rendered":"<p>Fastighets\u00e4garna menar i en rapport om l\u00e4genheter till f\u00f6retag att det \u00e4r viktigt att det \u00e4ven fortsatt finns en tillg\u00e5ng [&hellip;]<\/p>\n","protected":false},"author":1,"featured_media":153,"comment_status":"open","ping_status":"open","sticky":false,"template":"","format":"standard","meta":{"_monsterinsights_skip_tracking":false,"_monsterinsights_sitenote_active":false,"_monsterinsights_sitenote_note":"","_monsterinsights_sitenote_category":0,"footnotes":""},"categories":[3],"tags":[],"class_list":["post-175","post","type-post","status-publish","format-standard","has-post-thumbnail","hentry","category-nyhet"],"_links":{"self":[{"href":"https:\/\/foretagsbostadsbolagen.se\/index.php?rest_route=\/wp\/v2\/posts\/175","targetHints":{"allow":["GET"]}}],"collection":[{"href":"https:\/\/foretagsbostadsbolagen.se\/index.php?rest_route=\/wp\/v2\/posts"}],"about":[{"href":"https:\/\/foretagsbostadsbolagen.se\/index.php?rest_route=\/wp\/v2\/types\/post"}],"author":[{"embeddable":true,"href":"https:\/\/foretagsbostadsbolagen.se\/index.php?rest_route=\/wp\/v2\/users\/1"}],"replies":[{"embeddable":true,"href":"https:\/\/foretagsbostadsbolagen.se\/index.php?rest_route=%2Fwp%2Fv2%2Fcomments&post=175"}],"version-history":[{"count":3,"href":"https:\/\/foretagsbostadsbolagen.se\/index.php?rest_route=\/wp\/v2\/posts\/175\/revisions"}],"predecessor-version":[{"id":292,"href":"https:\/\/foretagsbostadsbolagen.se\/index.php?rest_route=\/wp\/v2\/posts\/175\/revisions\/292"}],"wp:featuredmedia":[{"embeddable":true,"href":"https:\/\/foretagsbostadsbolagen.se\/index.php?rest_route=\/wp\/v2\/media\/153"}],"wp:attachment":[{"href":"https:\/\/foretagsbostadsbolagen.se\/index.php?rest_route=%2Fwp%2Fv2%2Fmedia&parent=175"}],"wp:term":[{"taxonomy":"category","embeddable":true,"href":"https:\/\/foretagsbostadsbolagen.se\/index.php?rest_route=%2Fwp%2Fv2%2Fcategories&post=175"},{"taxonomy":"post_tag","embeddable":true,"href":"https:\/\/foretagsbostadsbolagen.se\/index.php?rest_route=%2Fwp%2Fv2%2Ftags&post=175"}],"curies":[{"name":"wp","href":"https:\/\/api.w.org\/{rel}","templated":true}]}}